{"id":18130,"date":"2014-02-04T11:37:25","date_gmt":"2014-02-04T16:37:25","guid":{"rendered":"http:\/\/www.ambiente.gob.ec\/?p=18130"},"modified":"2014-02-04T13:58:30","modified_gmt":"2014-02-04T18:58:30","slug":"carchi-conmemora-el-dia-de-los-humedales","status":"publish","type":"post","link":"https:\/\/www.ambienteyenergia.gob.ec\/ambiente\/carchi-conmemora-el-dia-de-los-humedales\/","title":{"rendered":"Los esfuerzos para proteger los humedales son constantes en Carchi"},"content":{"rendered":"<p style=\"text-align: justify;\">Con la realizaci\u00f3n de una Feria Ecol\u00f3gica, la Direcci\u00f3n Provincial del Ambiente del Carchi conmemor\u00f3 este 3 de febrero el D\u00eda Mundial de los Humedales, fecha ecol\u00f3gica dedicada a la conservaci\u00f3n y el uso racional de estos ecosistemas,\u00a0 mediante acciones locales y nacionales.<\/p>\n<p style=\"text-align: justify;\">El escenario de este evento fue el parque de la ciudad de El \u00c1ngel, adem\u00e1s se destac\u00f3 la participaci\u00f3n de varias instituciones que presentaron stands con diferentes motivos artesanales y productivos, como la Secretar\u00eda Nacional del Agua, Ministerio de Turismo, Secretar\u00eda Nacional de Gesti\u00f3n de Riesgos, Gobierno Provincial del Carchi, GAD del Municipio de Espejo, Guardias Ambientales de la Comuna La Libertad, Red de Mujeres Ambiente y Cultura, Organizaci\u00f3n Ancestral El Pajonal, Proyecto Servicio Civil Ciudadano, APRODIC y del Sr. Miguel Benavides con su exposici\u00f3n de bonzai en plantas nativas.<\/p>\n<p style=\"text-align: justify;\">Por otra parte, la Reserva Ecol\u00f3gica el \u00c1ngel\u00a0 pas\u00f3 a formar parte de la categor\u00eda de \u201cHumedal de Importancia Internacional \u201c(Sitio Ramsar), desde\u00a0el 7 de diciembre del 2012, debido a los diversos servicios ambientales que brinda, como captura de carbono, producci\u00f3n de ox\u00edgeno, abastecimiento de agua a tres cantones para consumo humano y para la agricultura, h\u00e1bitat de especies de flora y fauna silvestre, entre otras. Para ejercer un control estricto en la protecci\u00f3n de la zona se realiz\u00f3 un estudio que restablezca los hitos del l\u00edmite este de la reserva. Cerca de 17 kil\u00f3metros fueron delimitados. Adicionalmente la Direcci\u00f3n Provincial del Carchi mantiene actividades permanente de apoyo interinstitucional con entidades estatales y privadas que contribuyen a ejercer una adecuada gesti\u00f3n ambiental en la provincia.<\/p>\n<p style=\"text-align: justify;\">El Ministerio de Ambiente del Ecuador garantiza una relaci\u00f3n arm\u00f3nica entre los ejes econ\u00f3micos, sociales, y ambientales que aseguran el manejo sostenible de los recursos naturales estrat\u00e9gicos. Su objetivo primordial es posicionar un modelo sustentable de desarrollo equilibrado y respetuoso de la diversidad cultural, que conserve la capacidad de regeneraci\u00f3n natural de los ecosistemas, y asegure la satisfacci\u00f3n de las necesidades de las generaciones presentes y futuras.<\/p>\n<p style=\"text-align: justify;\"><strong>El Dato<\/strong><\/p>\n<p style=\"text-align: justify;\">El Ecuador es parte contratante de la Convenci\u00f3n sobre Humedales de Importancia Internacional especialmente como H\u00e1bitat de Aves Acu\u00e1ticas (Convenci\u00f3n de Ramsar) desde 1990. Este tratado internacional tiene como objeto la conservaci\u00f3n y uso racional de los humedales marinos, estuarinos, lacustres, ribere\u00f1os, palustres y humedales artificiales ubicados en el territorio de las 168 partes contratantes.\u00a0 A\u00a0 la fecha superan los 200 millones de superficie global (207.045.335 has.), con 2170 sitios designados.<\/p>\n<p style=\"text-align: justify;\">\u00a0<a href=\"http:\/\/www.ambienteyenergia.gob.ec\/ambiente\/wp-content\/uploads\/2014\/02\/21.jpg\"><img loading=\"lazy\" decoding=\"async\" class=\"aligncenter size-full wp-image-18133\" alt=\"CARCHI CONMEMORA D\u00cdA MUNDIAL DE LOS HUMEDALES\" src=\"http:\/\/www.ambienteyenergia.gob.ec\/ambiente\/wp-content\/uploads\/2014\/02\/21.jpg\" width=\"650\" height=\"488\" srcset=\"https:\/\/www.ambienteyenergia.gob.ec\/ambiente\/wp-content\/uploads\/sites\/2\/2014\/02\/21.jpg 650w, https:\/\/www.ambienteyenergia.gob.ec\/ambiente\/wp-content\/uploads\/sites\/2\/2014\/02\/21-300x225.jpg 300w, https:\/\/www.ambienteyenergia.gob.ec\/ambiente\/wp-content\/uploads\/sites\/2\/2014\/02\/21-399x300.jpg 399w\" sizes=\"auto, (max-width: 650px) 100vw, 650px\" \/><\/a><\/p>\n","protected":false},"excerpt":{"rendered":"<p class=\"excerpt\">Con la realizaci\u00f3n de una Feria Ecol\u00f3gica, la Direcci\u00f3n Provincial del Ambiente del Carchi conmemor\u00f3 este 3 de febrero el D\u00eda Mundial de los Humedales, fecha ecol\u00f3gica dedicada a la conservaci\u00f3n y el uso racional de estos ecosistemas,\u00a0 mediante acciones locales y nacionales. El escenario de este evento fue el parque de la ciudad de El \u00c1ngel, adem\u00e1s se destac\u00f3&hellip; <a href=\"https:\/\/www.ambienteyenergia.gob.ec\/ambiente\/carchi-conmemora-el-dia-de-los-humedales\/\">Read more &rarr;<\/a><\/p>\n","protected":false},"author":13,"featured_media":18132,"comment_status":"open","ping_status":"open","sticky":false,"template":"","format":"standard","meta":{"footnotes":""},"categories":[16,4],"tags":[],"class_list":["post-18130","post","type-post","status-publish","format-standard","has-post-thumbnail","hentry","category-comunicamos","category-noticias","xfolkentry"],"_links":{"self":[{"href":"https:\/\/www.ambienteyenergia.gob.ec\/ambiente\/wp-json\/wp\/v2\/posts\/18130","targetHints":{"allow":["GET"]}}],"collection":[{"href":"https:\/\/www.ambienteyenergia.gob.ec\/ambiente\/wp-json\/wp\/v2\/posts"}],"about":[{"href":"https:\/\/www.ambienteyenergia.gob.ec\/ambiente\/wp-json\/wp\/v2\/types\/post"}],"author":[{"embeddable":true,"href":"https:\/\/www.ambienteyenergia.gob.ec\/ambiente\/wp-json\/wp\/v2\/users\/13"}],"replies":[{"embeddable":true,"href":"https:\/\/www.ambienteyenergia.gob.ec\/ambiente\/wp-json\/wp\/v2\/comments?post=18130"}],"version-history":[{"count":0,"href":"https:\/\/www.ambienteyenergia.gob.ec\/ambiente\/wp-json\/wp\/v2\/posts\/18130\/revisions"}],"wp:featuredmedia":[{"embeddable":true,"href":"https:\/\/www.ambienteyenergia.gob.ec\/ambiente\/wp-json\/wp\/v2\/media\/18132"}],"wp:attachment":[{"href":"https:\/\/www.ambienteyenergia.gob.ec\/ambiente\/wp-json\/wp\/v2\/media?parent=18130"}],"wp:term":[{"taxonomy":"category","embeddable":true,"href":"https:\/\/www.ambienteyenergia.gob.ec\/ambiente\/wp-json\/wp\/v2\/categories?post=18130"},{"taxonomy":"post_tag","embeddable":true,"href":"https:\/\/www.ambienteyenergia.gob.ec\/ambiente\/wp-json\/wp\/v2\/tags?post=18130"}],"curies":[{"name":"wp","href":"https:\/\/api.w.org\/{rel}","templated":true}]}}