{"id":18116,"date":"2014-02-04T09:02:55","date_gmt":"2014-02-04T14:02:55","guid":{"rendered":"http:\/\/www.ambiente.gob.ec\/?p=18116"},"modified":"2014-02-04T09:02:55","modified_gmt":"2014-02-04T14:02:55","slug":"excursion-de-escolares-a-isla-santay-por-el-dia-mundial-de-los-humedales","status":"publish","type":"post","link":"https:\/\/www.ambienteyenergia.gob.ec\/ambiente\/excursion-de-escolares-a-isla-santay-por-el-dia-mundial-de-los-humedales\/","title":{"rendered":"Excursi\u00f3n de escolares a Isla Santay por el D\u00eda Mundial de los Humedales"},"content":{"rendered":"<p style=\"text-align: justify;\">Ayer, un grupo de estudiantes de la Unidad Educativa R\u00e9plica Aguirre Abad visit\u00f3 el \u00c1rea Nacional de Recreaci\u00f3n Isla Santay para conocer acompa\u00f1ados de los bi\u00f3logos de la Subsecretar\u00eda de Gesti\u00f3n Marina y Costera del Ministerio del Ambiente del Ecuador (MAE) sobre uno de los sitios Ramsar m\u00e1s importantes del pa\u00eds.<\/p>\n<p style=\"text-align: justify;\">La excursi\u00f3n incluy\u00f3 una charla enmarcada en el D\u00eda Mundial de los Humedales para concienciar a los estudiantes sobre la importancia de estos ecosistemas para el medio ambiente. Entre ellos se encuentran los manglares, r\u00edos, lagunas, arrecifes, estuarios y pantanos.<\/p>\n<p style=\"text-align: justify;\">La Isla Santay, forma parte de los 18 sitios Ramsar del pa\u00eds, considerados de importancia internacional. El Convenio Ramsar es un tratado intergubernamental que compromete a los pa\u00edses miembros (Ecuador es parte desde 1991) a mantener las caracter\u00edsticas ecol\u00f3gicas de sus humedales.<\/p>\n<p style=\"text-align: justify;\">La conservaci\u00f3n de los humedales es importante por los procesos hidrol\u00f3gicos y ecol\u00f3gicos que en ellos ocurren y la diversidad biol\u00f3gica que sustentan.<\/p>\n<p style=\"text-align: justify;\">A trav\u00e9s de la retenci\u00f3n, transformaci\u00f3n y\/o remoci\u00f3n de sedimentos, nutrientes y contaminantes juegan un papel fundamental en los ciclos de la materia y en la calidad de las aguas. Son recargas de acu\u00edferos, que favorecen la mitigaci\u00f3n de las inundaciones y de la erosi\u00f3n costera.<\/p>\n<p style=\"text-align: justify;\">Adem\u00e1s, sustentan una importante diversidad biol\u00f3gica y en muchos casos constituyen h\u00e1bitats cr\u00edticos para especies seriamente amenazadas.<\/p>\n<p style=\"text-align: justify;\">Por su alta productividad, pueden albergar poblaciones muy numerosas de aves, moluscos, crust\u00e1ceos, peces, etc.<\/p>\n<p style=\"text-align: justify;\">Tambi\u00e9n, los humedales son muy importantes por el enorme valor paisaj\u00edstico y natural que solo se da en estas zonas.<\/p>\n<p style=\"text-align: justify;\">La estudiante de S\u00e9ptimo de B\u00e1sica, Gabriela Villao, dijo al salir de Santay que \u201cno sab\u00eda que este lugar bonito era un humedal y reconocido internacionalmente\u201d. Mientras Geovanni Parre\u00f1o de 8 a\u00f1os, mencion\u00f3 sentirse admirado del silencio del lugar donde puede apreciar la naturaleza, escuchando cantar a las aves.<\/p>\n<p style=\"text-align: justify;\">Al finalizar la jornada, los ni\u00f1os y ni\u00f1as comprendieron el valor del ecosistema y se comprometieron a difundir el mensaje de conservaci\u00f3n de los humedales que promueve constantemente el Ministerio del Ambiente.<\/p>\n<p style=\"text-align: justify;\"><a href=\"http:\/\/www.ambienteyenergia.gob.ec\/ambiente\/wp-content\/uploads\/2014\/02\/IMG_9921.jpg\"><img loading=\"lazy\" decoding=\"async\" class=\"aligncenter size-full wp-image-18119\" alt=\"Excursi\u00f3n de escolares a Isla Santay por el D\u00eda Mundial de los Humedales\" src=\"http:\/\/www.ambienteyenergia.gob.ec\/ambiente\/wp-content\/uploads\/2014\/02\/IMG_9921.jpg\" width=\"650\" height=\"433\" srcset=\"https:\/\/www.ambienteyenergia.gob.ec\/ambiente\/wp-content\/uploads\/sites\/2\/2014\/02\/IMG_9921.jpg 650w, https:\/\/www.ambienteyenergia.gob.ec\/ambiente\/wp-content\/uploads\/sites\/2\/2014\/02\/IMG_9921-300x199.jpg 300w, https:\/\/www.ambienteyenergia.gob.ec\/ambiente\/wp-content\/uploads\/sites\/2\/2014\/02\/IMG_9921-450x300.jpg 450w\" sizes=\"auto, (max-width: 650px) 100vw, 650px\" \/><\/a><\/p>\n<p style=\"text-align: justify;\">\n","protected":false},"excerpt":{"rendered":"<p class=\"excerpt\">Ayer, un grupo de estudiantes de la Unidad Educativa R\u00e9plica Aguirre Abad visit\u00f3 el \u00c1rea Nacional de Recreaci\u00f3n Isla Santay para conocer acompa\u00f1ados de los bi\u00f3logos de la Subsecretar\u00eda de Gesti\u00f3n Marina y Costera del Ministerio del Ambiente del Ecuador (MAE) sobre uno de los sitios Ramsar m\u00e1s importantes del pa\u00eds. La excursi\u00f3n incluy\u00f3 una charla enmarcada en el D\u00eda&hellip; <a href=\"https:\/\/www.ambienteyenergia.gob.ec\/ambiente\/excursion-de-escolares-a-isla-santay-por-el-dia-mundial-de-los-humedales\/\">Read more &rarr;<\/a><\/p>\n","protected":false},"author":13,"featured_media":18117,"comment_status":"open","ping_status":"open","sticky":false,"template":"","format":"standard","meta":{"footnotes":""},"categories":[16,4],"tags":[],"class_list":["post-18116","post","type-post","status-publish","format-standard","has-post-thumbnail","hentry","category-comunicamos","category-noticias","xfolkentry"],"_links":{"self":[{"href":"https:\/\/www.ambienteyenergia.gob.ec\/ambiente\/wp-json\/wp\/v2\/posts\/18116","targetHints":{"allow":["GET"]}}],"collection":[{"href":"https:\/\/www.ambienteyenergia.gob.ec\/ambiente\/wp-json\/wp\/v2\/posts"}],"about":[{"href":"https:\/\/www.ambienteyenergia.gob.ec\/ambiente\/wp-json\/wp\/v2\/types\/post"}],"author":[{"embeddable":true,"href":"https:\/\/www.ambienteyenergia.gob.ec\/ambiente\/wp-json\/wp\/v2\/users\/13"}],"replies":[{"embeddable":true,"href":"https:\/\/www.ambienteyenergia.gob.ec\/ambiente\/wp-json\/wp\/v2\/comments?post=18116"}],"version-history":[{"count":0,"href":"https:\/\/www.ambienteyenergia.gob.ec\/ambiente\/wp-json\/wp\/v2\/posts\/18116\/revisions"}],"wp:featuredmedia":[{"embeddable":true,"href":"https:\/\/www.ambienteyenergia.gob.ec\/ambiente\/wp-json\/wp\/v2\/media\/18117"}],"wp:attachment":[{"href":"https:\/\/www.ambienteyenergia.gob.ec\/ambiente\/wp-json\/wp\/v2\/media?parent=18116"}],"wp:term":[{"taxonomy":"category","embeddable":true,"href":"https:\/\/www.ambienteyenergia.gob.ec\/ambiente\/wp-json\/wp\/v2\/categories?post=18116"},{"taxonomy":"post_tag","embeddable":true,"href":"https:\/\/www.ambienteyenergia.gob.ec\/ambiente\/wp-json\/wp\/v2\/tags?post=18116"}],"curies":[{"name":"wp","href":"https:\/\/api.w.org\/{rel}","templated":true}]}}