{"id":18096,"date":"2014-02-03T14:12:12","date_gmt":"2014-02-03T19:12:12","guid":{"rendered":"http:\/\/www.ambiente.gob.ec\/?p=18096"},"modified":"2014-02-04T08:40:45","modified_gmt":"2014-02-04T13:40:45","slug":"ministerio-del-ambiente-afirmo-lazos-de-cooperacion-internacional-con-pnud","status":"publish","type":"post","link":"https:\/\/www.ambienteyenergia.gob.ec\/ambiente\/ministerio-del-ambiente-afirmo-lazos-de-cooperacion-internacional-con-pnud\/","title":{"rendered":"Ministerio del Ambiente afirm\u00f3 lazos de cooperaci\u00f3n internacional con PNUD"},"content":{"rendered":"<p style=\"text-align: justify;\">Hoy, la Ministra del Ambiente, Lorena Tapia, mantuvo una reuni\u00f3n bilateral con el Representante Residente del Programa de las Naciones Unidas para el Desarrollo (PNUD), en su calidad de Agencia Implementadora del Fondo Mundial para el Medio Ambiente (GEF por sus siglas en ingl\u00e9s), a fin de que ambas Partes suscriban los documentos de los siguientes proyectos: \u00abTercera Comunicaci\u00f3n Nacional de Cambio Clim\u00e1tico y Primer Informe de Actualizaci\u00f3n Bienal\u00bb, en seguimiento a los compromisos que el pa\u00eds debe cumplir ante la Convenci\u00f3n Marco de Naciones Unidas sobre Cambio Clim\u00e1tico (UNFCCC) y el Proyecto de \u00abGesti\u00f3n Integrada y Ambientalmente adecuada de Bifenilos Policlorados (PCBs) en el Ecuador\u00bb, que contribuir\u00e1 al desarrollo de pol\u00edticas nacionales para el manejo de sustancias qu\u00edmicas y residuos peligrosos.<\/p>\n<p style=\"text-align: justify;\">En el acto oficial que adem\u00e1s cont\u00f3 con la presencia de Gabriel Jaramillo, Especialista del PNUD, los Subsecretarios de Calidad Ambiental y Cambio Clim\u00e1tico y representantes de Gesti\u00f3n Internacional de esta Cartera de Estado, la Autoridad Ambiental resalt\u00f3 que las relaciones con PNUD siempre han sido productivas, destacando que tanto Cambio Clim\u00e1tico, como Calidad Ambiental son pilares fundamentales dentro de la gesti\u00f3n que realiza el Ministerio del Ambiente.<\/p>\n<p style=\"text-align: justify;\">Finalmente, la Ministra del Ambiente, Lorena Tapia y Diego Zorrilla, en su calidad de Coordinador Residente en el Ecuador de la Organizaci\u00f3n de las Naciones Unidas (ONU) afirmaron los lazos de cooperaci\u00f3n y el compromiso de complementar las iniciativas del estado ecuatoriano. En ese sentido, el PNUD apoyar\u00e1 al Ministerio del Ambiente en sus requerimientos para la organizaci\u00f3n del \u00abII Di\u00e1logo Seminario para Mecanismo de Financiamiento para la Biodiversidad\u00bb, as\u00ed como en la D\u00e9cimo Primera Conferencia de las Partes (COP) de la Convenci\u00f3n de la Conservaci\u00f3n de las Especies Migratorias (CMS), como pa\u00eds anfitri\u00f3n de ambos eventos.<\/p>\n","protected":false},"excerpt":{"rendered":"<p class=\"excerpt\">Hoy, la Ministra del Ambiente, Lorena Tapia, mantuvo una reuni\u00f3n bilateral con el Representante Residente del Programa de las Naciones Unidas para el Desarrollo (PNUD), en su calidad de Agencia Implementadora del Fondo Mundial para el Medio Ambiente (GEF por sus siglas en ingl\u00e9s), a fin de que ambas Partes suscriban los documentos de los siguientes proyectos: \u00abTercera Comunicaci\u00f3n Nacional&hellip; <a href=\"https:\/\/www.ambienteyenergia.gob.ec\/ambiente\/ministerio-del-ambiente-afirmo-lazos-de-cooperacion-internacional-con-pnud\/\">Read more &rarr;<\/a><\/p>\n","protected":false},"author":13,"featured_media":18097,"comment_status":"open","ping_status":"open","sticky":false,"template":"","format":"standard","meta":{"footnotes":""},"categories":[16,4],"tags":[133,108,53,406],"class_list":["post-18096","post","type-post","status-publish","format-standard","has-post-thumbnail","hentry","category-comunicamos","category-noticias","tag-cambio-climatico","tag-lorena-tapia","tag-mae","tag-pnud","xfolkentry"],"_links":{"self":[{"href":"https:\/\/www.ambienteyenergia.gob.ec\/ambiente\/wp-json\/wp\/v2\/posts\/18096","targetHints":{"allow":["GET"]}}],"collection":[{"href":"https:\/\/www.ambienteyenergia.gob.ec\/ambiente\/wp-json\/wp\/v2\/posts"}],"about":[{"href":"https:\/\/www.ambienteyenergia.gob.ec\/ambiente\/wp-json\/wp\/v2\/types\/post"}],"author":[{"embeddable":true,"href":"https:\/\/www.ambienteyenergia.gob.ec\/ambiente\/wp-json\/wp\/v2\/users\/13"}],"replies":[{"embeddable":true,"href":"https:\/\/www.ambienteyenergia.gob.ec\/ambiente\/wp-json\/wp\/v2\/comments?post=18096"}],"version-history":[{"count":0,"href":"https:\/\/www.ambienteyenergia.gob.ec\/ambiente\/wp-json\/wp\/v2\/posts\/18096\/revisions"}],"wp:featuredmedia":[{"embeddable":true,"href":"https:\/\/www.ambienteyenergia.gob.ec\/ambiente\/wp-json\/wp\/v2\/media\/18097"}],"wp:attachment":[{"href":"https:\/\/www.ambienteyenergia.gob.ec\/ambiente\/wp-json\/wp\/v2\/media?parent=18096"}],"wp:term":[{"taxonomy":"category","embeddable":true,"href":"https:\/\/www.ambienteyenergia.gob.ec\/ambiente\/wp-json\/wp\/v2\/categories?post=18096"},{"taxonomy":"post_tag","embeddable":true,"href":"https:\/\/www.ambienteyenergia.gob.ec\/ambiente\/wp-json\/wp\/v2\/tags?post=18096"}],"curies":[{"name":"wp","href":"https:\/\/api.w.org\/{rel}","templated":true}]}}