{"id":18090,"date":"2014-02-03T14:20:10","date_gmt":"2014-02-03T19:20:10","guid":{"rendered":"http:\/\/www.ambiente.gob.ec\/?p=18090"},"modified":"2014-02-04T11:15:50","modified_gmt":"2014-02-04T16:15:50","slug":"rescate-de-vida-silvestre-en-la-provincia-de-loja","status":"publish","type":"post","link":"https:\/\/www.ambienteyenergia.gob.ec\/ambiente\/rescate-de-vida-silvestre-en-la-provincia-de-loja\/","title":{"rendered":"MAE fortalece operativos de rescate de fauna silvestre en la provincia de Loja"},"content":{"rendered":"<p style=\"text-align: justify;\">El mes de enero del presente a\u00f1o,\u00a0 mediante operativos realizados por t\u00e9cnicos de la unidad de Patrimonio Natural \u2013 Vida Silvestre y en coordinaci\u00f3n con miembros de la Polic\u00eda Ambiental, se rescataron varios animales cautivos en diferentes lugares de la provincia de Loja.<\/p>\n<p style=\"text-align: justify;\">La Polic\u00eda Nacional de Catamayo rescat\u00f3 un oso perezoso (<i>Bradypus variegatus<\/i>), encontrado v\u00eda San Pedro de la Bendita, el d\u00eda 21 de enero a las 16:00 aproximadamente. El mam\u00edfero estaba en\u00a0 perfectas condiciones f\u00edsicas y fue reinsertado posteriormente a su h\u00e1bitat natural. Por otra parte, en atenci\u00f3n a una denuncia realizada por la ciudadan\u00eda, se procedi\u00f3 a rescatar a un venado de cola blanca\u00a0 (<i>Odocoileus virginianus<\/i>) y luego trasladarlo a la ciudad de Loja, para su revisi\u00f3n m\u00e9dica.<\/p>\n<p style=\"text-align: justify;\">Asimismo, en la parroquia Consacola del cant\u00f3n Gonzanam\u00e1, se acudi\u00f3 a la inspecci\u00f3n y rescate de dos guacamayas de las especies: Amazona alinaranja (Amazona amaz\u00f3nica) y Amazona nuquiescamosa (Amazona mercenaria), las aves silvestres luego del an\u00e1lisis f\u00edsico fueron puestas en libertad en el mismo lugar, con el compromiso de brindarles alimentaci\u00f3n y cuidado, para ello, t\u00e9cnicos de la Direcci\u00f3n Provincial de Loja realizar\u00e1n inspecciones peri\u00f3dicas y el seguimiento respectivo.<\/p>\n<p style=\"text-align: justify;\">Es importante destacar el trabajo que realiza \u201cVida Silvestre\u201d y el personal de Unidad de Protecci\u00f3n Ambiental de la Polic\u00eda,\u00a0 para evitar el comercio de espec\u00edmenes de fauna. El Ministerio del Ambiente del Ecuador viene ejecutando estos operativos, como parte de la inspecci\u00f3n de tr\u00e1fico de animales. Se invita a la ciudadan\u00eda a denunciar casos de tenencia ilegal de fauna silvestre al portal de denuncias MAE transparente, al ECU 911 o al 115 de la Polic\u00eda Nacional.<\/p>\n<p style=\"text-align: justify;\">\u00a0<a href=\"http:\/\/www.ambienteyenergia.gob.ec\/ambiente\/wp-content\/uploads\/2014\/02\/DSC01017.jpg\"><img loading=\"lazy\" decoding=\"async\" class=\"aligncenter size-full wp-image-18092\" alt=\"Rescate de vida silvestre en la Provincia de Loja\" src=\"http:\/\/www.ambienteyenergia.gob.ec\/ambiente\/wp-content\/uploads\/2014\/02\/DSC01017.jpg\" width=\"650\" height=\"488\" srcset=\"https:\/\/www.ambienteyenergia.gob.ec\/ambiente\/wp-content\/uploads\/sites\/2\/2014\/02\/DSC01017.jpg 650w, https:\/\/www.ambienteyenergia.gob.ec\/ambiente\/wp-content\/uploads\/sites\/2\/2014\/02\/DSC01017-300x225.jpg 300w, https:\/\/www.ambienteyenergia.gob.ec\/ambiente\/wp-content\/uploads\/sites\/2\/2014\/02\/DSC01017-399x300.jpg 399w\" sizes=\"auto, (max-width: 650px) 100vw, 650px\" \/><\/a><\/p>\n<p><strong>Para agilitar tus denuncias, MAE ofrece la siguiente plataforma:\u00a0<\/strong><\/p>\n<p><a href=\"http:\/\/mesadeayuda.ambiente.gob.ec\/otrs\/customer.pl\"><strong>http:\/\/mesadeayuda.ambiente.gob.ec\/otrs\/customer.pl<\/strong><\/a><\/p>\n","protected":false},"excerpt":{"rendered":"<p class=\"excerpt\">El mes de enero del presente a\u00f1o,\u00a0 mediante operativos realizados por t\u00e9cnicos de la unidad de Patrimonio Natural \u2013 Vida Silvestre y en coordinaci\u00f3n con miembros de la Polic\u00eda Ambiental, se rescataron varios animales cautivos en diferentes lugares de la provincia de Loja. La Polic\u00eda Nacional de Catamayo rescat\u00f3 un oso perezoso (Bradypus variegatus), encontrado v\u00eda San Pedro de la&hellip; <a href=\"https:\/\/www.ambienteyenergia.gob.ec\/ambiente\/rescate-de-vida-silvestre-en-la-provincia-de-loja\/\">Read more &rarr;<\/a><\/p>\n","protected":false},"author":13,"featured_media":18091,"comment_status":"open","ping_status":"open","sticky":false,"template":"","format":"standard","meta":{"footnotes":""},"categories":[16,4],"tags":[],"class_list":["post-18090","post","type-post","status-publish","format-standard","has-post-thumbnail","hentry","category-comunicamos","category-noticias","xfolkentry"],"_links":{"self":[{"href":"https:\/\/www.ambienteyenergia.gob.ec\/ambiente\/wp-json\/wp\/v2\/posts\/18090","targetHints":{"allow":["GET"]}}],"collection":[{"href":"https:\/\/www.ambienteyenergia.gob.ec\/ambiente\/wp-json\/wp\/v2\/posts"}],"about":[{"href":"https:\/\/www.ambienteyenergia.gob.ec\/ambiente\/wp-json\/wp\/v2\/types\/post"}],"author":[{"embeddable":true,"href":"https:\/\/www.ambienteyenergia.gob.ec\/ambiente\/wp-json\/wp\/v2\/users\/13"}],"replies":[{"embeddable":true,"href":"https:\/\/www.ambienteyenergia.gob.ec\/ambiente\/wp-json\/wp\/v2\/comments?post=18090"}],"version-history":[{"count":0,"href":"https:\/\/www.ambienteyenergia.gob.ec\/ambiente\/wp-json\/wp\/v2\/posts\/18090\/revisions"}],"wp:featuredmedia":[{"embeddable":true,"href":"https:\/\/www.ambienteyenergia.gob.ec\/ambiente\/wp-json\/wp\/v2\/media\/18091"}],"wp:attachment":[{"href":"https:\/\/www.ambienteyenergia.gob.ec\/ambiente\/wp-json\/wp\/v2\/media?parent=18090"}],"wp:term":[{"taxonomy":"category","embeddable":true,"href":"https:\/\/www.ambienteyenergia.gob.ec\/ambiente\/wp-json\/wp\/v2\/categories?post=18090"},{"taxonomy":"post_tag","embeddable":true,"href":"https:\/\/www.ambienteyenergia.gob.ec\/ambiente\/wp-json\/wp\/v2\/tags?post=18090"}],"curies":[{"name":"wp","href":"https:\/\/api.w.org\/{rel}","templated":true}]}}