{"id":18076,"date":"2014-02-03T10:16:09","date_gmt":"2014-02-03T15:16:09","guid":{"rendered":"http:\/\/www.ambiente.gob.ec\/?p=18076"},"modified":"2014-02-04T11:19:30","modified_gmt":"2014-02-04T16:19:30","slug":"mae-organiza-casa-abierta-por-dia-internacional-de-los-humedales-en-chimborazo","status":"publish","type":"post","link":"https:\/\/www.ambienteyenergia.gob.ec\/ambiente\/mae-organiza-casa-abierta-por-dia-internacional-de-los-humedales-en-chimborazo\/","title":{"rendered":"MAE organiza casa abierta por D\u00eda Internacional de los Humedales en Chimborazo"},"content":{"rendered":"<p style=\"text-align: justify;\">Por motivo del D\u00eda Internacional de los Humedales (2 de febrero), el Ministerio del Ambiente del Ecuador (MAE) realiz\u00f3 una casa abierta en la provincia de Chimborazo, con la tem\u00e1tica: \u201cHumedales y Agricultura, juntos en pro del crecimiento\u201d, a la que asistieron el Ministerio de Agricultura, Ganader\u00eda, Acuacultura y Pesca, la Coordinaci\u00f3n de &#8216;Semillas Andinas&#8217; de la <i>FAO ,<\/i> la Asociaci\u00f3n de Gobiernos Parroquiales Rurales de Chimborazo, turistas, extranjeros y estudiantes de diferentes instituciones educativas.<\/p>\n<p style=\"text-align: justify;\">Durante el desarrollo de la casa abierta, funcionarios de la Direcci\u00f3n Provincial del Ambiente de Chimborazo\u00a0 ilustraron de forma did\u00e1ctica, los sitios donde se localizan las ci\u00e9nagas, su importancia, las acciones que ejecuta para conservar estos ecosistemas; adem\u00e1s se aprovecho el espacio para promocionar los diferentes programas que el MAE realiza a nivel nacional y las \u00c1reas Protegidas como el Parque Nacional Sangay y la Reserva de producci\u00f3n faun\u00edstica Chimborazo.<\/p>\n<p style=\"text-align: justify;\">\u00a0\u201cEste tipo de espacios promueven el conocimiento, muchas de las personas desconocen esta fecha importante del calendario ambiental y me parece bien que ustedes nos ense\u00f1en y nos recuerden que tenemos el compromiso de proteger el ambiente\u201c, manifest\u00f3 Carolina Ilbay estudiante de la Universidad Nacional de Chimborazo.<\/p>\n<p style=\"text-align: justify;\">\n","protected":false},"excerpt":{"rendered":"<p class=\"excerpt\">Por motivo del D\u00eda Internacional de los Humedales (2 de febrero), el Ministerio del Ambiente del Ecuador (MAE) realiz\u00f3 una casa abierta en la provincia de Chimborazo, con la tem\u00e1tica: \u201cHumedales y Agricultura, juntos en pro del crecimiento\u201d, a la que asistieron el Ministerio de Agricultura, Ganader\u00eda, Acuacultura y Pesca, la Coordinaci\u00f3n de &#8216;Semillas Andinas&#8217; de la FAO , la&hellip; <a href=\"https:\/\/www.ambienteyenergia.gob.ec\/ambiente\/mae-organiza-casa-abierta-por-dia-internacional-de-los-humedales-en-chimborazo\/\">Read more &rarr;<\/a><\/p>\n","protected":false},"author":13,"featured_media":18081,"comment_status":"open","ping_status":"open","sticky":false,"template":"","format":"standard","meta":{"footnotes":""},"categories":[16,4],"tags":[],"class_list":["post-18076","post","type-post","status-publish","format-standard","has-post-thumbnail","hentry","category-comunicamos","category-noticias","xfolkentry"],"_links":{"self":[{"href":"https:\/\/www.ambienteyenergia.gob.ec\/ambiente\/wp-json\/wp\/v2\/posts\/18076","targetHints":{"allow":["GET"]}}],"collection":[{"href":"https:\/\/www.ambienteyenergia.gob.ec\/ambiente\/wp-json\/wp\/v2\/posts"}],"about":[{"href":"https:\/\/www.ambienteyenergia.gob.ec\/ambiente\/wp-json\/wp\/v2\/types\/post"}],"author":[{"embeddable":true,"href":"https:\/\/www.ambienteyenergia.gob.ec\/ambiente\/wp-json\/wp\/v2\/users\/13"}],"replies":[{"embeddable":true,"href":"https:\/\/www.ambienteyenergia.gob.ec\/ambiente\/wp-json\/wp\/v2\/comments?post=18076"}],"version-history":[{"count":0,"href":"https:\/\/www.ambienteyenergia.gob.ec\/ambiente\/wp-json\/wp\/v2\/posts\/18076\/revisions"}],"wp:featuredmedia":[{"embeddable":true,"href":"https:\/\/www.ambienteyenergia.gob.ec\/ambiente\/wp-json\/wp\/v2\/media\/18081"}],"wp:attachment":[{"href":"https:\/\/www.ambienteyenergia.gob.ec\/ambiente\/wp-json\/wp\/v2\/media?parent=18076"}],"wp:term":[{"taxonomy":"category","embeddable":true,"href":"https:\/\/www.ambienteyenergia.gob.ec\/ambiente\/wp-json\/wp\/v2\/categories?post=18076"},{"taxonomy":"post_tag","embeddable":true,"href":"https:\/\/www.ambienteyenergia.gob.ec\/ambiente\/wp-json\/wp\/v2\/tags?post=18076"}],"curies":[{"name":"wp","href":"https:\/\/api.w.org\/{rel}","templated":true}]}}