{"id":18066,"date":"2014-02-02T22:25:36","date_gmt":"2014-02-03T03:25:36","guid":{"rendered":"http:\/\/www.ambiente.gob.ec\/?p=18066"},"modified":"2014-02-03T10:23:51","modified_gmt":"2014-02-03T15:23:51","slug":"mae-toma-acciones-emergentes-tras-reactivacion-de-volcan-tungurahua","status":"publish","type":"post","link":"https:\/\/www.ambienteyenergia.gob.ec\/ambiente\/mae-toma-acciones-emergentes-tras-reactivacion-de-volcan-tungurahua\/","title":{"rendered":"MAE toma acciones emergentes tras reactivaci\u00f3n de volc\u00e1n Tungurahua"},"content":{"rendered":"<p style=\"text-align: justify;\">El Ministerio del Ambiente del Ecuador (MAE), como parte del COE provincial, colabora con las diferentes instituciones tras la reactivaci\u00f3n del volc\u00e1n Tungurahua, asimismo, act\u00faa en el \u00e1rea de su competencia de manera coordinada en las provincias de Tungurahua, Chimborazo y Ca\u00f1ar, en un trabajo conjunto.<\/p>\n<p style=\"text-align: justify;\">El MAE Chimborazo y Tungurahua, en coordinaci\u00f3n con el Ministerio de Obras P\u00fablicas,\u00a0\u00a0 realizar\u00e1n ma\u00f1ana\u00a0 la inspecci\u00f3n a los trabajos en la v\u00eda \u201cCahuaj\u00ed &#8211; Pillate &#8211; Cotal\u00f3 empate Ambato &#8211; Ba\u00f1os\u201d para verificar las afectaci\u00f3n por la presencia de lava y ceniza que pudiera estar perjudicando el cauce del r\u00edo Chambo y posible destrucci\u00f3n de vegetaci\u00f3n en esa zona.<\/p>\n<p style=\"text-align: justify;\">Adem\u00e1s, personal del Parque Nacional Sangay continuar\u00e1 apoyando en el monitoreo, control y evacuaci\u00f3n de la poblaci\u00f3n de las zonas afectadas hasta los lugares destinados como albergues. Como Ministerio del Ambiente se entregar\u00e1 mascarillas a las poblaciones que se encuentran dentro del \u00e1rea protegida y zona de influencia, especialmente, a los ni\u00f1os.<\/p>\n<p style=\"text-align: justify;\">Es importante resaltar que las guardian\u00edas de R\u00edo Negro y Candelar\u00eda se habilitar\u00e1n como albergues y centros de acopio para la provisi\u00f3n de alimentos y agua. Dentro de sus competencias, la Autoridad Ambiental activ\u00f3 el protocolo de rescate de vida silvestre, en ese sentido, en caso de detectar la presencia de vida silvestre en peligro, se deber\u00e1 comunicar,\u00a0 inmediatamente, con guardaparques y personal de vida silvestre, los mismos que est\u00e1n capacitados y cuentan con el equipo para la captura y manipuleo de espec\u00edmenes para el traslado a los centros de rescate m\u00e1s cercanos.<\/p>\n<p style=\"text-align: justify;\">Los guardaparques del Ministerio del Ambiente de las provincias de Tungurahua y Chimborazo, actualmente, est\u00e1n\u00a0 distribuidos en puntos estrat\u00e9gicos como Palitagua, Penipe, Guano, Caguaj\u00ed, Palitagua, Chacauco, Bilbao, Chambiato, Cusua y Pillate.<\/p>\n<p style=\"text-align: justify;\"><strong>Acciones en Ca\u00f1ar<\/strong><\/p>\n<p style=\"text-align: justify;\">La alerta tambi\u00e9n se ha levantado en la provincia de Ca\u00f1ar. Tras la activaci\u00f3n del COE provincial, en la zona sur del Parque Nacional Sangay, los guardaparques monitorean afectaci\u00f3n por la ca\u00edda de ceniza, as\u00ed como tambi\u00e9n, los bosques protectores. Seg\u00fan informes de hoy, en el sector de Culebrillas, que est\u00e1 en los l\u00edmites con Chimborazo, hasta el momento, la afectaci\u00f3n es leve, toda vez que la ca\u00edda de ceniza no ha sido de gran intensidad. Se considera que no hay afectaci\u00f3n o peligro para la flora o la fauna, seg\u00fan primeros reportes.<\/p>\n<p>En cuanto a los Bosques Protectores, se reporta una leve ca\u00edda de ceniza en el Bosque Protector San Camilo Cubil\u00e1n y Papaloma Charum, pero no es de consideraci\u00f3n en cuanto a la afectaci\u00f3n al ecosistema. Adem\u00e1s, como MAE Ca\u00f1ar se ayud\u00f3 con la provisi\u00f3n de mascarillas a la poblaci\u00f3n en Azogues.<\/p>\n<p><a href=\"http:\/\/www.ambienteyenergia.gob.ec\/ambiente\/wp-content\/uploads\/2014\/02\/Mapa-Volc\u00e1n-Tungurahua.jpg\"><img loading=\"lazy\" decoding=\"async\" class=\"aligncenter size-full wp-image-18085\" alt=\"Mapa-Volc\u00e1n-Tungurahua\" src=\"http:\/\/www.ambienteyenergia.gob.ec\/ambiente\/wp-content\/uploads\/2014\/02\/Mapa-Volc\u00e1n-Tungurahua.jpg\" width=\"900\" height=\"1165\" srcset=\"https:\/\/www.ambienteyenergia.gob.ec\/ambiente\/wp-content\/uploads\/sites\/2\/2014\/02\/Mapa-Volc\u00e1n-Tungurahua.jpg 900w, https:\/\/www.ambienteyenergia.gob.ec\/ambiente\/wp-content\/uploads\/sites\/2\/2014\/02\/Mapa-Volc\u00e1n-Tungurahua-231x300.jpg 231w, https:\/\/www.ambienteyenergia.gob.ec\/ambiente\/wp-content\/uploads\/sites\/2\/2014\/02\/Mapa-Volc\u00e1n-Tungurahua-791x1024.jpg 791w\" sizes=\"auto, (max-width: 900px) 100vw, 900px\" \/><\/a><\/p>\n","protected":false},"excerpt":{"rendered":"<p class=\"excerpt\">El Ministerio del Ambiente del Ecuador (MAE), como parte del COE provincial, colabora con las diferentes instituciones tras la reactivaci\u00f3n del volc\u00e1n Tungurahua, asimismo, act\u00faa en el \u00e1rea de su competencia de manera coordinada en las provincias de Tungurahua, Chimborazo y Ca\u00f1ar, en un trabajo conjunto. El MAE Chimborazo y Tungurahua, en coordinaci\u00f3n con el Ministerio de Obras P\u00fablicas,\u00a0\u00a0 realizar\u00e1n&hellip; <a href=\"https:\/\/www.ambienteyenergia.gob.ec\/ambiente\/mae-toma-acciones-emergentes-tras-reactivacion-de-volcan-tungurahua\/\">Read more &rarr;<\/a><\/p>\n","protected":false},"author":13,"featured_media":18084,"comment_status":"open","ping_status":"open","sticky":false,"template":"","format":"standard","meta":{"footnotes":""},"categories":[16,4],"tags":[147,108,53,102],"class_list":["post-18066","post","type-post","status-publish","format-standard","has-post-thumbnail","hentry","category-comunicamos","category-noticias","tag-areas-protegidas-2","tag-lorena-tapia","tag-mae","tag-tungurahua","xfolkentry"],"_links":{"self":[{"href":"https:\/\/www.ambienteyenergia.gob.ec\/ambiente\/wp-json\/wp\/v2\/posts\/18066","targetHints":{"allow":["GET"]}}],"collection":[{"href":"https:\/\/www.ambienteyenergia.gob.ec\/ambiente\/wp-json\/wp\/v2\/posts"}],"about":[{"href":"https:\/\/www.ambienteyenergia.gob.ec\/ambiente\/wp-json\/wp\/v2\/types\/post"}],"author":[{"embeddable":true,"href":"https:\/\/www.ambienteyenergia.gob.ec\/ambiente\/wp-json\/wp\/v2\/users\/13"}],"replies":[{"embeddable":true,"href":"https:\/\/www.ambienteyenergia.gob.ec\/ambiente\/wp-json\/wp\/v2\/comments?post=18066"}],"version-history":[{"count":0,"href":"https:\/\/www.ambienteyenergia.gob.ec\/ambiente\/wp-json\/wp\/v2\/posts\/18066\/revisions"}],"wp:featuredmedia":[{"embeddable":true,"href":"https:\/\/www.ambienteyenergia.gob.ec\/ambiente\/wp-json\/wp\/v2\/media\/18084"}],"wp:attachment":[{"href":"https:\/\/www.ambienteyenergia.gob.ec\/ambiente\/wp-json\/wp\/v2\/media?parent=18066"}],"wp:term":[{"taxonomy":"category","embeddable":true,"href":"https:\/\/www.ambienteyenergia.gob.ec\/ambiente\/wp-json\/wp\/v2\/categories?post=18066"},{"taxonomy":"post_tag","embeddable":true,"href":"https:\/\/www.ambienteyenergia.gob.ec\/ambiente\/wp-json\/wp\/v2\/tags?post=18066"}],"curies":[{"name":"wp","href":"https:\/\/api.w.org\/{rel}","templated":true}]}}