{"id":18058,"date":"2014-02-02T09:53:50","date_gmt":"2014-02-02T14:53:50","guid":{"rendered":"http:\/\/www.ambiente.gob.ec\/?p=18058"},"modified":"2014-02-03T08:14:07","modified_gmt":"2014-02-03T13:14:07","slug":"2-de-febrero-dia-mundial-de-los-humedales","status":"publish","type":"post","link":"https:\/\/www.ambienteyenergia.gob.ec\/ambiente\/2-de-febrero-dia-mundial-de-los-humedales\/","title":{"rendered":"2 de febrero d\u00eda Mundial de los Humedales"},"content":{"rendered":"<p style=\"text-align: justify;\" align=\"JUSTIFY\">El 2 de febrero se celebra el D\u00eda Mundial de los Humedales, estos ecosistemas son extensiones marinas, pantanos, de r\u00e9gimen natural o artificial, permanentes o temporales, estancadas o corrientes, dulces, salobres o saladas que no exceden los 6 metros.<\/p>\n<p style=\"text-align: justify;\" align=\"JUSTIFY\">Son lugares de refugio para aves como el mart\u00edn pescador; de peces como el chame; anfibios y tortugas. Por ello, es importante desarrollar actividades encaminadas a aumentar la sensibilizaci\u00f3n del p\u00fablico acerca de los valores de los humedales y los beneficios que aportan a los ecosistemas.<\/p>\n<p style=\"text-align: justify;\" align=\"JUSTIFY\">Dada su importancia en el abastecimiento de agua y la producci\u00f3n de alimentos, los humedales son un elemento clave para alcanzar los objetivos de alivio de la pobreza en todo el mundo. Literalmente pueden salvar vidas, como por ejemplo, los oasis y los manantiales, especialmente en las regiones \u00e1ridas, que contribuyen a la producci\u00f3n de alimentos en la estaci\u00f3n seca y proporcionan agua y pasto para el ganado.<\/p>\n<p style=\"text-align: justify;\" align=\"JUSTIFY\">Ecuador se adhiri\u00f3 a la Convenci\u00f3n de Ramsar en 1990, desde entonces, el pa\u00eds ha realizado varios esfuerzos para dar cumplimiento a los compromisos, entre ellos, la designaci\u00f3n de sitios de importancia internacional, el establecimiento del marco institucional responsable de la aplicaci\u00f3n de la Convenci\u00f3n y el dise\u00f1o de pol\u00edticas sobre la conservaci\u00f3n y uso racional de los humedales.<\/p>\n<p style=\"text-align: justify;\" align=\"JUSTIFY\"><a href=\"http:\/\/www.ambienteyenergia.gob.ec\/ambiente\/wp-content\/uploads\/2014\/01\/humedales-arte.jpg\"><img loading=\"lazy\" decoding=\"async\" class=\"aligncenter size-full wp-image-18059\" alt=\"humedales-arte\" src=\"http:\/\/www.ambienteyenergia.gob.ec\/ambiente\/wp-content\/uploads\/2014\/01\/humedales-arte.jpg\" width=\"843\" height=\"403\" srcset=\"https:\/\/www.ambienteyenergia.gob.ec\/ambiente\/wp-content\/uploads\/sites\/2\/2014\/01\/humedales-arte.jpg 843w, https:\/\/www.ambienteyenergia.gob.ec\/ambiente\/wp-content\/uploads\/sites\/2\/2014\/01\/humedales-arte-300x143.jpg 300w, https:\/\/www.ambienteyenergia.gob.ec\/ambiente\/wp-content\/uploads\/sites\/2\/2014\/01\/humedales-arte-500x239.jpg 500w\" sizes=\"auto, (max-width: 843px) 100vw, 843px\" \/><\/a><\/p>\n<p style=\"text-align: justify;\" align=\"JUSTIFY\">\n","protected":false},"excerpt":{"rendered":"<p class=\"excerpt\">El 2 de febrero se celebra el D\u00eda Mundial de los Humedales, estos ecosistemas son extensiones marinas, pantanos, de r\u00e9gimen natural o artificial, permanentes o temporales, estancadas o corrientes, dulces, salobres o saladas que no exceden los 6 metros. Son lugares de refugio para aves como el mart\u00edn pescador; de peces como el chame; anfibios y tortugas. Por ello, es&hellip; <a href=\"https:\/\/www.ambienteyenergia.gob.ec\/ambiente\/2-de-febrero-dia-mundial-de-los-humedales\/\">Read more &rarr;<\/a><\/p>\n","protected":false},"author":13,"featured_media":18060,"comment_status":"open","ping_status":"open","sticky":false,"template":"","format":"standard","meta":{"footnotes":""},"categories":[16,4],"tags":[],"class_list":["post-18058","post","type-post","status-publish","format-standard","has-post-thumbnail","hentry","category-comunicamos","category-noticias","xfolkentry"],"_links":{"self":[{"href":"https:\/\/www.ambienteyenergia.gob.ec\/ambiente\/wp-json\/wp\/v2\/posts\/18058","targetHints":{"allow":["GET"]}}],"collection":[{"href":"https:\/\/www.ambienteyenergia.gob.ec\/ambiente\/wp-json\/wp\/v2\/posts"}],"about":[{"href":"https:\/\/www.ambienteyenergia.gob.ec\/ambiente\/wp-json\/wp\/v2\/types\/post"}],"author":[{"embeddable":true,"href":"https:\/\/www.ambienteyenergia.gob.ec\/ambiente\/wp-json\/wp\/v2\/users\/13"}],"replies":[{"embeddable":true,"href":"https:\/\/www.ambienteyenergia.gob.ec\/ambiente\/wp-json\/wp\/v2\/comments?post=18058"}],"version-history":[{"count":0,"href":"https:\/\/www.ambienteyenergia.gob.ec\/ambiente\/wp-json\/wp\/v2\/posts\/18058\/revisions"}],"wp:featuredmedia":[{"embeddable":true,"href":"https:\/\/www.ambienteyenergia.gob.ec\/ambiente\/wp-json\/wp\/v2\/media\/18060"}],"wp:attachment":[{"href":"https:\/\/www.ambienteyenergia.gob.ec\/ambiente\/wp-json\/wp\/v2\/media?parent=18058"}],"wp:term":[{"taxonomy":"category","embeddable":true,"href":"https:\/\/www.ambienteyenergia.gob.ec\/ambiente\/wp-json\/wp\/v2\/categories?post=18058"},{"taxonomy":"post_tag","embeddable":true,"href":"https:\/\/www.ambienteyenergia.gob.ec\/ambiente\/wp-json\/wp\/v2\/tags?post=18058"}],"curies":[{"name":"wp","href":"https:\/\/api.w.org\/{rel}","templated":true}]}}