{"id":18042,"date":"2014-01-31T14:44:54","date_gmt":"2014-01-31T19:44:54","guid":{"rendered":"http:\/\/www.ambiente.gob.ec\/?p=18042"},"modified":"2014-02-01T20:44:55","modified_gmt":"2014-02-02T01:44:55","slug":"mae-realizo-una-casa-abierta-por-el-dia-mundial-de-los-humedales","status":"publish","type":"post","link":"https:\/\/www.ambienteyenergia.gob.ec\/ambiente\/mae-realizo-una-casa-abierta-por-el-dia-mundial-de-los-humedales\/","title":{"rendered":"MAE realiz\u00f3 una casa abierta por el D\u00eda Mundial de los Humedales"},"content":{"rendered":"<p style=\"text-align: justify;\">El 2 de febrero de cada a\u00f1o se celebra el D\u00eda Mundial de los Humedales por conmemorarse la fecha en que se adopt\u00f3 la Convenci\u00f3n sobre los Humedales en Ramsar, Ir\u00e1n. Este convenio es el primer tratado en el planeta relativo a la conservaci\u00f3n y uso racional de los humedales.<\/p>\n<p style=\"text-align: justify;\">Los humedales son extensiones marinas, pantanos, turberas o aguas de r\u00e9gimen natural o artificial, permanentes o temporales, estancadas o corrientes, dulces, salobres o saladas, incluyendo las extensiones de aguas marinas cuya profundidad en mareas no exceda a 6 metros.<\/p>\n<p style=\"text-align: justify;\">Son lugares de refugio para especies de aves, peces, anfibios y tortugas. Por ello, es importante desarrollar actividades encaminadas a aumentar la sensibilizaci\u00f3n del p\u00fablico acerca de los valores de los humedales y los beneficios que aportan a los ecosistemas.<\/p>\n<p style=\"text-align: justify;\">En ese sentido, la Subsecretar\u00eda de Gesti\u00f3n Marina y Costera del Ministerio del Ambiente (MAE), realiz\u00f3 hoy una casa abierta en Santa Rosa, provincia de El Oro, donde se impartieron buenas pr\u00e1cticas ambientales para conocer la importancia de conservar los humedales, debido a los procesos hidrol\u00f3gicos y ecol\u00f3gicos que en ellos ocurren y la diversidad biol\u00f3gica que sustentan los humedales.<\/p>\n<p style=\"text-align: justify;\">El tema de este a\u00f1o es \u00abHumedales y Agricultura: Juntos por el crecimiento\u00bb, lo cual significa una serie de actividades que convergen en el desarrollo de los pueblos mediante la agricultura, pero ejecutando buenas pr\u00e1cticas ambientales de conservaci\u00f3n y administraci\u00f3n de los recursos y servicios ambientales que prestan estos humedales.<\/p>\n<p style=\"text-align: justify;\">Dada su importancia en el abastecimiento de agua y la producci\u00f3n de alimentos, los humedales son un elemento clave para alcanzar los objetivos de alivio de la pobreza en todo el mundo. Literalmente pueden salvar vidas, como por ejemplo, los oasis y los manantiales, especialmente en las regiones \u00e1ridas, que contribuyen a la producci\u00f3n de alimentos en la estaci\u00f3n seca y proporcionan agua y pasto para el ganado.<\/p>\n<p style=\"text-align: justify;\">Ecuador se adhiri\u00f3 a la Convenci\u00f3n de Ramsar en 1990, desde entonces, el pa\u00eds ha realizado varios esfuerzos para dar cumplimiento a los compromisos, entre ellos, la designaci\u00f3n de sitios de importancia internacional, el establecimiento del marco institucional responsable de la aplicaci\u00f3n de la Convenci\u00f3n y el dise\u00f1o de pol\u00edticas sobre la conservaci\u00f3n y uso racional de los humedales.<\/p>\n<p style=\"text-align: justify;\">\n","protected":false},"excerpt":{"rendered":"<p class=\"excerpt\">El 2 de febrero de cada a\u00f1o se celebra el D\u00eda Mundial de los Humedales por conmemorarse la fecha en que se adopt\u00f3 la Convenci\u00f3n sobre los Humedales en Ramsar, Ir\u00e1n. Este convenio es el primer tratado en el planeta relativo a la conservaci\u00f3n y uso racional de los humedales. Los humedales son extensiones marinas, pantanos, turberas o aguas de&hellip; <a href=\"https:\/\/www.ambienteyenergia.gob.ec\/ambiente\/mae-realizo-una-casa-abierta-por-el-dia-mundial-de-los-humedales\/\">Read more &rarr;<\/a><\/p>\n","protected":false},"author":13,"featured_media":18043,"comment_status":"open","ping_status":"open","sticky":false,"template":"","format":"standard","meta":{"footnotes":""},"categories":[16,4],"tags":[],"class_list":["post-18042","post","type-post","status-publish","format-standard","has-post-thumbnail","hentry","category-comunicamos","category-noticias","xfolkentry"],"_links":{"self":[{"href":"https:\/\/www.ambienteyenergia.gob.ec\/ambiente\/wp-json\/wp\/v2\/posts\/18042","targetHints":{"allow":["GET"]}}],"collection":[{"href":"https:\/\/www.ambienteyenergia.gob.ec\/ambiente\/wp-json\/wp\/v2\/posts"}],"about":[{"href":"https:\/\/www.ambienteyenergia.gob.ec\/ambiente\/wp-json\/wp\/v2\/types\/post"}],"author":[{"embeddable":true,"href":"https:\/\/www.ambienteyenergia.gob.ec\/ambiente\/wp-json\/wp\/v2\/users\/13"}],"replies":[{"embeddable":true,"href":"https:\/\/www.ambienteyenergia.gob.ec\/ambiente\/wp-json\/wp\/v2\/comments?post=18042"}],"version-history":[{"count":0,"href":"https:\/\/www.ambienteyenergia.gob.ec\/ambiente\/wp-json\/wp\/v2\/posts\/18042\/revisions"}],"wp:featuredmedia":[{"embeddable":true,"href":"https:\/\/www.ambienteyenergia.gob.ec\/ambiente\/wp-json\/wp\/v2\/media\/18043"}],"wp:attachment":[{"href":"https:\/\/www.ambienteyenergia.gob.ec\/ambiente\/wp-json\/wp\/v2\/media?parent=18042"}],"wp:term":[{"taxonomy":"category","embeddable":true,"href":"https:\/\/www.ambienteyenergia.gob.ec\/ambiente\/wp-json\/wp\/v2\/categories?post=18042"},{"taxonomy":"post_tag","embeddable":true,"href":"https:\/\/www.ambienteyenergia.gob.ec\/ambiente\/wp-json\/wp\/v2\/tags?post=18042"}],"curies":[{"name":"wp","href":"https:\/\/api.w.org\/{rel}","templated":true}]}}