{"id":18036,"date":"2014-01-31T12:11:38","date_gmt":"2014-01-31T17:11:38","guid":{"rendered":"http:\/\/www.ambiente.gob.ec\/?p=18036"},"modified":"2014-01-31T15:36:29","modified_gmt":"2014-01-31T20:36:29","slug":"mae-interviene-en-la-recuperacion-del-lago-san-pablo","status":"publish","type":"post","link":"https:\/\/www.ambienteyenergia.gob.ec\/ambiente\/mae-interviene-en-la-recuperacion-del-lago-san-pablo\/","title":{"rendered":"MAE  interviene en la recuperaci\u00f3n del Lago San Pablo"},"content":{"rendered":"<p style=\"text-align: justify;\">El Ministerio del Ambiente del Ecuador (MAE) asisti\u00f3 hoy a la presentaci\u00f3n de la \u00a0propuesta de restauraci\u00f3n del Lago San Pablo ubicado en la ciudad de Otavalo, provincia de Imbabura.<\/p>\n<p style=\"text-align: justify;\">El evento se desarroll\u00f3 con\u00a0 la presencia del Presidente de la Rep\u00fablica del Ecuador, Rafael Correa; \u00a0Gabriela Rivadeneira, Presidenta de la Asamblea Nacional; Lorena Tapia, Ministra del Ambiente; representantes de las comunidades aleda\u00f1as \u00a0y varios medios de comunicaci\u00f3n.<\/p>\n<p style=\"text-align: justify;\">A trav\u00e9s de la construcci\u00f3n de once\u00a0 plantas de tratamiento, alcantarillado y una inversi\u00f3n del MAE de USD 2\u2019855.753,06, se gestiona y planifica \u201cEl Malec\u00f3n del Lago\u201d, una iniciativa \u00a0amigable con \u00a0el ambiente y autosustentable en cuanto al uso de energ\u00eda. El proyecto contar\u00e1 con una ciclo v\u00eda, plazas para espect\u00e1culos art\u00edsticos, \u00a0juegos interactivos, zona wifi, museo de cristal y una planta de tratamiento de agua.<\/p>\n<p style=\"text-align: justify;\">\u201cCon esta planta de tratamiento se descontaminar\u00e1 el 92 por ciento del agua, este ha sido un trabajo mancomunado de la Presidencia, del MAE,\u00a0 de la municipalidad y de las cinco parroquias que rodean el lago\u00bb, asever\u00f3 Segundo Fuentes, Director Provincial del Ambiente de Imbabura.<\/p>\n<p style=\"text-align: justify;\">Gracias a este proyecto se beneficiar\u00e1n 32 comunidades\u00a0 de 39 526 \u00a0habitantes, se recuperar\u00e1 la calidad del agua, la\u00a0 fauna acu\u00e1tica y el cultivo de totora.<\/p>\n<p style=\"text-align: justify;\">\u201cEcuador es privilegiado, el futuro del pa\u00eds es el turismo, lo importante es crecer ordenadamente en armon\u00eda con la naturaleza y trabajar\u00a0 en equipo conjuntamente con los municipios. Ya son 13 proyectos de descontaminaci\u00f3n del agua, que tienen tratamientos naturales, y han dado resultados maravillosos. Todos debemos hacer un esfuerzo\u00a0 para fomentar un buen vivir para nuestras familias\u00bb, asegur\u00f3 el primer mandatario.<\/p>\n<p style=\"text-align: justify;\">El MAE, como m\u00e1xima autoridad ambiental, promueve y fomenta iniciativas de preservaci\u00f3n y cuidado\u00a0 de la flora y fauna, estableciendo proyectos que garanticen el desarrollo sostenible, rentabilidad econ\u00f3mica y equidad social.<\/p>\n","protected":false},"excerpt":{"rendered":"<p class=\"excerpt\">El Ministerio del Ambiente del Ecuador (MAE) asisti\u00f3 hoy a la presentaci\u00f3n de la \u00a0propuesta de restauraci\u00f3n del Lago San Pablo ubicado en la ciudad de Otavalo, provincia de Imbabura. El evento se desarroll\u00f3 con\u00a0 la presencia del Presidente de la Rep\u00fablica del Ecuador, Rafael Correa; \u00a0Gabriela Rivadeneira, Presidenta de la Asamblea Nacional; Lorena Tapia, Ministra del Ambiente; representantes de&hellip; <a href=\"https:\/\/www.ambienteyenergia.gob.ec\/ambiente\/mae-interviene-en-la-recuperacion-del-lago-san-pablo\/\">Read more &rarr;<\/a><\/p>\n","protected":false},"author":13,"featured_media":18037,"comment_status":"open","ping_status":"open","sticky":false,"template":"","format":"standard","meta":{"footnotes":""},"categories":[16,4,10],"tags":[],"class_list":["post-18036","post","type-post","status-publish","format-standard","has-post-thumbnail","hentry","category-comunicamos","category-noticias","category-noticias-destacadas","xfolkentry"],"_links":{"self":[{"href":"https:\/\/www.ambienteyenergia.gob.ec\/ambiente\/wp-json\/wp\/v2\/posts\/18036","targetHints":{"allow":["GET"]}}],"collection":[{"href":"https:\/\/www.ambienteyenergia.gob.ec\/ambiente\/wp-json\/wp\/v2\/posts"}],"about":[{"href":"https:\/\/www.ambienteyenergia.gob.ec\/ambiente\/wp-json\/wp\/v2\/types\/post"}],"author":[{"embeddable":true,"href":"https:\/\/www.ambienteyenergia.gob.ec\/ambiente\/wp-json\/wp\/v2\/users\/13"}],"replies":[{"embeddable":true,"href":"https:\/\/www.ambienteyenergia.gob.ec\/ambiente\/wp-json\/wp\/v2\/comments?post=18036"}],"version-history":[{"count":0,"href":"https:\/\/www.ambienteyenergia.gob.ec\/ambiente\/wp-json\/wp\/v2\/posts\/18036\/revisions"}],"wp:featuredmedia":[{"embeddable":true,"href":"https:\/\/www.ambienteyenergia.gob.ec\/ambiente\/wp-json\/wp\/v2\/media\/18037"}],"wp:attachment":[{"href":"https:\/\/www.ambienteyenergia.gob.ec\/ambiente\/wp-json\/wp\/v2\/media?parent=18036"}],"wp:term":[{"taxonomy":"category","embeddable":true,"href":"https:\/\/www.ambienteyenergia.gob.ec\/ambiente\/wp-json\/wp\/v2\/categories?post=18036"},{"taxonomy":"post_tag","embeddable":true,"href":"https:\/\/www.ambienteyenergia.gob.ec\/ambiente\/wp-json\/wp\/v2\/tags?post=18036"}],"curies":[{"name":"wp","href":"https:\/\/api.w.org\/{rel}","templated":true}]}}