{"id":18033,"date":"2014-01-31T12:08:17","date_gmt":"2014-01-31T17:08:17","guid":{"rendered":"http:\/\/www.ambiente.gob.ec\/?p=18033"},"modified":"2014-01-31T15:39:12","modified_gmt":"2014-01-31T20:39:12","slug":"mae-decomiso-carne-de-guanta-en-orellana","status":"publish","type":"post","link":"https:\/\/www.ambienteyenergia.gob.ec\/ambiente\/mae-decomiso-carne-de-guanta-en-orellana\/","title":{"rendered":"MAE decomis\u00f3 carne de guanta en Orellana"},"content":{"rendered":"<p style=\"text-align: justify;\">El Ministerio del Ambiente del Ecuador (MAE), en coordinaci\u00f3n con la Unidad de Polic\u00eda del Medio Ambiente (UPMA), decomis\u00f3 dos guantas (<i>cuniculus paca<\/i>), en la v\u00eda Pompeya \u2013 Sacha, provincia de Orellana, el pasado 25 de enero. Al parecer, un ciudadano ten\u00eda en su posesi\u00f3n 17kg de carne de esta especie, que pretend\u00eda comercializar en la ciudad del Coca.<\/p>\n<p style=\"text-align: justify;\">Luego de identificar el tipo de carne y de explicar a la poblaci\u00f3n el motivo por el cual no se puede comprar o vender esta especie, se siguieron los protocolos necesarios para retirar el material constitutivo. Los espec\u00edmenes confiscados fueron enterrados en presencia de la Polic\u00eda Ambiental, como lo establece este proceso.<\/p>\n<p style=\"text-align: justify;\">Estas medidas son parte de los continuos operativos de control que ejecuta esta Cartera de Estado con el fin de proteger a las especies de vida silvestre.<\/p>\n<p style=\"text-align: justify;\">Por su parte, la Direcci\u00f3n Provincial del Ambiente de Orellana recuerda a la ciudadan\u00eda que el tr\u00e1fico de especies silvestres est\u00e1 prohibido. El MAE solicita a la poblaci\u00f3n que no compre ni comercialice fauna silvestre y que denuncie la tenencia ilegal de las mismas.<\/p>\n","protected":false},"excerpt":{"rendered":"<p class=\"excerpt\">El Ministerio del Ambiente del Ecuador (MAE), en coordinaci\u00f3n con la Unidad de Polic\u00eda del Medio Ambiente (UPMA), decomis\u00f3 dos guantas (cuniculus paca), en la v\u00eda Pompeya \u2013 Sacha, provincia de Orellana, el pasado 25 de enero. Al parecer, un ciudadano ten\u00eda en su posesi\u00f3n 17kg de carne de esta especie, que pretend\u00eda comercializar en la ciudad del Coca. Luego&hellip; <a href=\"https:\/\/www.ambienteyenergia.gob.ec\/ambiente\/mae-decomiso-carne-de-guanta-en-orellana\/\">Read more &rarr;<\/a><\/p>\n","protected":false},"author":13,"featured_media":18034,"comment_status":"open","ping_status":"open","sticky":false,"template":"","format":"standard","meta":{"footnotes":""},"categories":[16,4],"tags":[],"class_list":["post-18033","post","type-post","status-publish","format-standard","has-post-thumbnail","hentry","category-comunicamos","category-noticias","xfolkentry"],"_links":{"self":[{"href":"https:\/\/www.ambienteyenergia.gob.ec\/ambiente\/wp-json\/wp\/v2\/posts\/18033","targetHints":{"allow":["GET"]}}],"collection":[{"href":"https:\/\/www.ambienteyenergia.gob.ec\/ambiente\/wp-json\/wp\/v2\/posts"}],"about":[{"href":"https:\/\/www.ambienteyenergia.gob.ec\/ambiente\/wp-json\/wp\/v2\/types\/post"}],"author":[{"embeddable":true,"href":"https:\/\/www.ambienteyenergia.gob.ec\/ambiente\/wp-json\/wp\/v2\/users\/13"}],"replies":[{"embeddable":true,"href":"https:\/\/www.ambienteyenergia.gob.ec\/ambiente\/wp-json\/wp\/v2\/comments?post=18033"}],"version-history":[{"count":0,"href":"https:\/\/www.ambienteyenergia.gob.ec\/ambiente\/wp-json\/wp\/v2\/posts\/18033\/revisions"}],"wp:featuredmedia":[{"embeddable":true,"href":"https:\/\/www.ambienteyenergia.gob.ec\/ambiente\/wp-json\/wp\/v2\/media\/18034"}],"wp:attachment":[{"href":"https:\/\/www.ambienteyenergia.gob.ec\/ambiente\/wp-json\/wp\/v2\/media?parent=18033"}],"wp:term":[{"taxonomy":"category","embeddable":true,"href":"https:\/\/www.ambienteyenergia.gob.ec\/ambiente\/wp-json\/wp\/v2\/categories?post=18033"},{"taxonomy":"post_tag","embeddable":true,"href":"https:\/\/www.ambienteyenergia.gob.ec\/ambiente\/wp-json\/wp\/v2\/tags?post=18033"}],"curies":[{"name":"wp","href":"https:\/\/api.w.org\/{rel}","templated":true}]}}