{"id":18016,"date":"2014-01-30T16:58:09","date_gmt":"2014-01-30T21:58:09","guid":{"rendered":"http:\/\/www.ambiente.gob.ec\/?p=18016"},"modified":"2014-01-31T13:12:54","modified_gmt":"2014-01-31T18:12:54","slug":"7-toneladas-de-basura-fueron-recolectadas-en-la-playa-san-jose","status":"publish","type":"post","link":"https:\/\/www.ambienteyenergia.gob.ec\/ambiente\/7-toneladas-de-basura-fueron-recolectadas-en-la-playa-san-jose\/","title":{"rendered":"7 toneladas de basura fueron recolectadas en la playa San Jos\u00e9"},"content":{"rendered":"<p style=\"text-align: justify;\">El Ministerio del Ambiente del Ecuador (MAE), con el apoyo de 150 voluntarios del Ministerio de Turismo, Gobierno Provincial, Refiner\u00eda del Pac\u00edfico, Base Naval de Jaramij\u00f3, Polic\u00eda Nacional y estudiantes de los centros educativos de la parroquia Pile, realiz\u00f3 una limpieza en la playa San Jos\u00e9 perteneciente al cant\u00f3n Montecristi, provincia de Manab\u00ed.<\/p>\n<p style=\"text-align: justify;\">\u00c1ngelo Traverso, Director Provincial del Ambiente, manifest\u00f3 que los voluntarios trabajaron en un \u00e1rea de 3 kil\u00f3metros donde se recolectaron cerca de 7 toneladas de basura. Entre los escombros se encontraron botellas de pl\u00e1stico, tarrinas y sogas, que son utilizadas por los pescadores artesanales del sector. Los desechos fueron enviados a la empresa Manta Limpia para su disposici\u00f3n final.<\/p>\n<p style=\"text-align: justify;\">Traverso por su parte, destac\u00f3 que para esta actividad es fundamental la cooperaci\u00f3n de la poblaci\u00f3n. Por esta raz\u00f3n, guardapaques del Refugio de Vida Silvestre Marino Costera Pacoche imparten charlas de educaci\u00f3n ambiental a los estudiantes primarios y secundarios del sector, para que colaboren con esta jornada de limpieza.<\/p>\n<p style=\"text-align: justify;\">Los j\u00f3venes de la localidad participaron con entusiasmo en la jornada de recolecci\u00f3n de desechos. En ese sentido, Juan Cede\u00f1o de la Base Naval Jaramij\u00f3, coment\u00f3 que \u00abse deben\u00a0 mantener limpias las\u00a0 playas porque hacemos uso de ellas. Son nuestro h\u00e1bitat y no podemos permitir que se ensucien.\u201d<\/p>\n<p style=\"text-align: justify;\">El MAE a trav\u00e9s de esta iniciativa busca concienciar a los turistas y visitantes sobre la importancia de cuidar las playas, especialmente en estas pr\u00f3ximas fechas en que se avecina el feriado de carnaval.<\/p>\n<p style=\"text-align: justify;\"><a href=\"http:\/\/www.ambienteyenergia.gob.ec\/ambiente\/wp-content\/uploads\/2014\/01\/1601738_10202623017769592_813380071_o.jpg\"><img loading=\"lazy\" decoding=\"async\" class=\"aligncenter size-full wp-image-18018\" alt=\"7 toneladas de basura fueron recolectadas en la playa San Jos\u00e9 \" src=\"http:\/\/www.ambienteyenergia.gob.ec\/ambiente\/wp-content\/uploads\/2014\/01\/1601738_10202623017769592_813380071_o.jpg\" width=\"650\" height=\"433\" srcset=\"https:\/\/www.ambienteyenergia.gob.ec\/ambiente\/wp-content\/uploads\/sites\/2\/2014\/01\/1601738_10202623017769592_813380071_o.jpg 650w, https:\/\/www.ambienteyenergia.gob.ec\/ambiente\/wp-content\/uploads\/sites\/2\/2014\/01\/1601738_10202623017769592_813380071_o-300x199.jpg 300w, https:\/\/www.ambienteyenergia.gob.ec\/ambiente\/wp-content\/uploads\/sites\/2\/2014\/01\/1601738_10202623017769592_813380071_o-450x300.jpg 450w\" sizes=\"auto, (max-width: 650px) 100vw, 650px\" \/><\/a><\/p>\n<p style=\"text-align: justify;\">\n","protected":false},"excerpt":{"rendered":"<p class=\"excerpt\">El Ministerio del Ambiente del Ecuador (MAE), con el apoyo de 150 voluntarios del Ministerio de Turismo, Gobierno Provincial, Refiner\u00eda del Pac\u00edfico, Base Naval de Jaramij\u00f3, Polic\u00eda Nacional y estudiantes de los centros educativos de la parroquia Pile, realiz\u00f3 una limpieza en la playa San Jos\u00e9 perteneciente al cant\u00f3n Montecristi, provincia de Manab\u00ed. \u00c1ngelo Traverso, Director Provincial del Ambiente, manifest\u00f3&hellip; <a href=\"https:\/\/www.ambienteyenergia.gob.ec\/ambiente\/7-toneladas-de-basura-fueron-recolectadas-en-la-playa-san-jose\/\">Read more &rarr;<\/a><\/p>\n","protected":false},"author":13,"featured_media":18017,"comment_status":"open","ping_status":"open","sticky":false,"template":"","format":"standard","meta":{"footnotes":""},"categories":[16,4],"tags":[],"class_list":["post-18016","post","type-post","status-publish","format-standard","has-post-thumbnail","hentry","category-comunicamos","category-noticias","xfolkentry"],"_links":{"self":[{"href":"https:\/\/www.ambienteyenergia.gob.ec\/ambiente\/wp-json\/wp\/v2\/posts\/18016","targetHints":{"allow":["GET"]}}],"collection":[{"href":"https:\/\/www.ambienteyenergia.gob.ec\/ambiente\/wp-json\/wp\/v2\/posts"}],"about":[{"href":"https:\/\/www.ambienteyenergia.gob.ec\/ambiente\/wp-json\/wp\/v2\/types\/post"}],"author":[{"embeddable":true,"href":"https:\/\/www.ambienteyenergia.gob.ec\/ambiente\/wp-json\/wp\/v2\/users\/13"}],"replies":[{"embeddable":true,"href":"https:\/\/www.ambienteyenergia.gob.ec\/ambiente\/wp-json\/wp\/v2\/comments?post=18016"}],"version-history":[{"count":0,"href":"https:\/\/www.ambienteyenergia.gob.ec\/ambiente\/wp-json\/wp\/v2\/posts\/18016\/revisions"}],"wp:featuredmedia":[{"embeddable":true,"href":"https:\/\/www.ambienteyenergia.gob.ec\/ambiente\/wp-json\/wp\/v2\/media\/18017"}],"wp:attachment":[{"href":"https:\/\/www.ambienteyenergia.gob.ec\/ambiente\/wp-json\/wp\/v2\/media?parent=18016"}],"wp:term":[{"taxonomy":"category","embeddable":true,"href":"https:\/\/www.ambienteyenergia.gob.ec\/ambiente\/wp-json\/wp\/v2\/categories?post=18016"},{"taxonomy":"post_tag","embeddable":true,"href":"https:\/\/www.ambienteyenergia.gob.ec\/ambiente\/wp-json\/wp\/v2\/tags?post=18016"}],"curies":[{"name":"wp","href":"https:\/\/api.w.org\/{rel}","templated":true}]}}