{"id":18012,"date":"2014-01-30T16:52:49","date_gmt":"2014-01-30T21:52:49","guid":{"rendered":"http:\/\/www.ambiente.gob.ec\/?p=18012"},"modified":"2014-01-31T13:17:22","modified_gmt":"2014-01-31T18:17:22","slug":"ecuador-es-la-sede-de-la-convencion-sobre-conservacion-de-especies-migratorias-de-animales-silvestres","status":"publish","type":"post","link":"https:\/\/www.ambienteyenergia.gob.ec\/ambiente\/ecuador-es-la-sede-de-la-convencion-sobre-conservacion-de-especies-migratorias-de-animales-silvestres\/","title":{"rendered":"Ecuador es sede de la Convenci\u00f3n sobre Conservaci\u00f3n de Especies Migratorias de Animales Silvestres"},"content":{"rendered":"<p style=\"text-align: justify;\">Ecuador es el pa\u00eds anfitri\u00f3n\u00a0 de la Convenci\u00f3n sobre Conservaci\u00f3n de Especies Migratorias de Animales Silvestres (CMS), que se desarrollar\u00e1 en noviembre del presente a\u00f1o.<\/p>\n<p style=\"text-align: justify;\">La CMS fue creada en 1979 en la ciudad de Bonn- Alemania\u00a0 y tiene como objetivo proteger las especies migratorias.<\/p>\n<p style=\"text-align: justify;\">El evento se realizar\u00e1 en\u00a0 la ciudad de Quito y\u00a0 asistir\u00e1n m\u00e1s de 600 delegados de todo el mundo. Considerando que\u00a0 Ecuador es uno de los pa\u00edses m\u00e1s megadiversos del planeta se han establecido una serie de actividades para proteger a las especies migratorias, implementado las directrices de la agrupaci\u00f3n y ejecutando acciones espec\u00edficas en animales silvestres como la manta raya y tiburones.<\/p>\n<p style=\"text-align: justify;\">La convenci\u00f3n en estos d\u00edas ha mantenido una serie de reuniones con otras entidades a fin de obtener respaldo para una mayor difusi\u00f3n del programa.<\/p>\n<p style=\"text-align: justify;\">La CMS tiene un papel preponderante en la conservaci\u00f3n de 117 especies en peligro de extinci\u00f3n incluidas en uno de los Ap\u00e9ndices de la Agrupaci\u00f3n.<\/p>\n<p style=\"text-align: justify;\">Es un beneficio para el Ecuador realizar una reuni\u00f3n de tratado internacional, esto le otorgar\u00e1 protagonismo al pa\u00eds y posibilitar\u00e1 la firma de algunos convenios y acuerdos de conservaci\u00f3n, adem\u00e1s, ser\u00e1 una oportunidad para demostrar liderazgo en el cuidado y protecci\u00f3n de la fauna.<\/p>\n<p style=\"text-align: justify;\"><a href=\"http:\/\/www.ambienteyenergia.gob.ec\/ambiente\/wp-content\/uploads\/2014\/01\/Bert-Lenten-2.jpg\"><img loading=\"lazy\" decoding=\"async\" class=\"size-full wp-image-18014\" alt=\"Bert-Lenten-2\" src=\"http:\/\/www.ambienteyenergia.gob.ec\/ambiente\/wp-content\/uploads\/2014\/01\/Bert-Lenten-2.jpg\" width=\"650\" height=\"433\" srcset=\"https:\/\/www.ambienteyenergia.gob.ec\/ambiente\/wp-content\/uploads\/sites\/2\/2014\/01\/Bert-Lenten-2.jpg 650w, https:\/\/www.ambienteyenergia.gob.ec\/ambiente\/wp-content\/uploads\/sites\/2\/2014\/01\/Bert-Lenten-2-300x199.jpg 300w, https:\/\/www.ambienteyenergia.gob.ec\/ambiente\/wp-content\/uploads\/sites\/2\/2014\/01\/Bert-Lenten-2-450x300.jpg 450w\" sizes=\"auto, (max-width: 650px) 100vw, 650px\" \/><\/a><\/p>\n","protected":false},"excerpt":{"rendered":"<p class=\"excerpt\">Ecuador es el pa\u00eds anfitri\u00f3n\u00a0 de la Convenci\u00f3n sobre Conservaci\u00f3n de Especies Migratorias de Animales Silvestres (CMS), que se desarrollar\u00e1 en noviembre del presente a\u00f1o. La CMS fue creada en 1979 en la ciudad de Bonn- Alemania\u00a0 y tiene como objetivo proteger las especies migratorias. El evento se realizar\u00e1 en\u00a0 la ciudad de Quito y\u00a0 asistir\u00e1n m\u00e1s de 600 delegados&hellip; <a href=\"https:\/\/www.ambienteyenergia.gob.ec\/ambiente\/ecuador-es-la-sede-de-la-convencion-sobre-conservacion-de-especies-migratorias-de-animales-silvestres\/\">Read more &rarr;<\/a><\/p>\n","protected":false},"author":13,"featured_media":18013,"comment_status":"open","ping_status":"open","sticky":false,"template":"","format":"standard","meta":{"footnotes":""},"categories":[16,4],"tags":[],"class_list":["post-18012","post","type-post","status-publish","format-standard","has-post-thumbnail","hentry","category-comunicamos","category-noticias","xfolkentry"],"_links":{"self":[{"href":"https:\/\/www.ambienteyenergia.gob.ec\/ambiente\/wp-json\/wp\/v2\/posts\/18012","targetHints":{"allow":["GET"]}}],"collection":[{"href":"https:\/\/www.ambienteyenergia.gob.ec\/ambiente\/wp-json\/wp\/v2\/posts"}],"about":[{"href":"https:\/\/www.ambienteyenergia.gob.ec\/ambiente\/wp-json\/wp\/v2\/types\/post"}],"author":[{"embeddable":true,"href":"https:\/\/www.ambienteyenergia.gob.ec\/ambiente\/wp-json\/wp\/v2\/users\/13"}],"replies":[{"embeddable":true,"href":"https:\/\/www.ambienteyenergia.gob.ec\/ambiente\/wp-json\/wp\/v2\/comments?post=18012"}],"version-history":[{"count":0,"href":"https:\/\/www.ambienteyenergia.gob.ec\/ambiente\/wp-json\/wp\/v2\/posts\/18012\/revisions"}],"wp:featuredmedia":[{"embeddable":true,"href":"https:\/\/www.ambienteyenergia.gob.ec\/ambiente\/wp-json\/wp\/v2\/media\/18013"}],"wp:attachment":[{"href":"https:\/\/www.ambienteyenergia.gob.ec\/ambiente\/wp-json\/wp\/v2\/media?parent=18012"}],"wp:term":[{"taxonomy":"category","embeddable":true,"href":"https:\/\/www.ambienteyenergia.gob.ec\/ambiente\/wp-json\/wp\/v2\/categories?post=18012"},{"taxonomy":"post_tag","embeddable":true,"href":"https:\/\/www.ambienteyenergia.gob.ec\/ambiente\/wp-json\/wp\/v2\/tags?post=18012"}],"curies":[{"name":"wp","href":"https:\/\/api.w.org\/{rel}","templated":true}]}}