{"id":17999,"date":"2014-01-30T12:43:44","date_gmt":"2014-01-30T17:43:44","guid":{"rendered":"http:\/\/www.ambiente.gob.ec\/?p=17999"},"modified":"2014-03-07T09:59:38","modified_gmt":"2014-03-07T14:59:38","slug":"autoridades-y-expertos-de-los-paises-de-afganistan-china-india-y-pakistan-visitaron-el-parque-nacional-antisana","status":"publish","type":"post","link":"https:\/\/www.ambienteyenergia.gob.ec\/ambiente\/autoridades-y-expertos-de-los-paises-de-afganistan-china-india-y-pakistan-visitaron-el-parque-nacional-antisana\/","title":{"rendered":"Autoridades y expertos de los pa\u00edses de Afganist\u00e1n, China, India y Pakist\u00e1n visitaron la Reserva Ecol\u00f3gica Antisana"},"content":{"rendered":"<p style=\"text-align: justify;\">Admirados por la impresionante belleza del paisaje, autoridades y expertos de la delegaci\u00f3n de Asia, hicieron un recorrido en la Reserva Ecol\u00f3gica Antisana, para conocer las actividades de monitoreo de glaciares y los ensayos de adaptaci\u00f3n al cambio clim\u00e1tico, que en esa zona realiza el Ministerio del Ambiente del Ecuador (MAE), a trav\u00e9s de la Subsecretar\u00eda de Cambio Clim\u00e1tico y su Proyecto de Adaptaci\u00f3n al Impacto del Retroceso Acelerado de Glaciares en los Andes Tropicales (PRAA).<\/p>\n<p style=\"text-align: justify;\">A nombre de la Ministra del Ambiente, Lorena Tapia, Eduardo Noboa, subsecretario de Cambio Clim\u00e1tico, hizo llegar un saludo a los participantes y expuso las iniciativas de adaptaci\u00f3n que el MAE a trav\u00e9s del PRAA, ejecuta para la recuperaci\u00f3n del p\u00e1ramo y el sistema de monitoreo de glaciares.<\/p>\n<p style=\"text-align: justify;\">En la visita, los miembros de la delegaci\u00f3n de Asia, conocieron el funcionamiento de una estaci\u00f3n metereol\u00f3gica ubicada en\u00a0 las faldas del volc\u00e1n a 4 000 metros de altura, utilizada para monitorear y analizar las variaciones clim\u00e1ticas que influyen en la din\u00e1mica de los glaciares, y por lo tanto, en la producci\u00f3n de agua para las cuencas relacionadas. \u00a0En este punto, se destac\u00f3 la importancia que tiene el agua del glaciar del Antisana para aproximadamente 650.000 personas que habitan en Quito y la necesidad de conservar y restaurar el ecosistema alto-andino.<\/p>\n<p style=\"text-align: justify;\">Adem\u00e1s, recorrieron varias parcelas para constatar las diferentes t\u00e9cnicas de restauraci\u00f3n que se\u00a0 aplican en este p\u00e1ramo. T\u00e9cnicos del MAE realizaron una charla explicativa de los riesgos y de los distintos escenarios de restauraci\u00f3n que actualmente se utilizan a manera de piloto.<\/p>\n<p style=\"text-align: justify;\">Al finalizar, las autoridades y expertos asi\u00e1ticos agradecieron la apertura del Ministerio del Ambiente y de las dem\u00e1s instituciones que hicieron posible este intercambio de conocimientos, e insistieron en que sus problemas en relaci\u00f3n con los glaciares, son similares a los nuestros.\u00a0 Asimismo, enfatizaron su inter\u00e9s por aplicar toda la informaci\u00f3n recopilada durante estos 4 d\u00edas, para la implementaci\u00f3n de un proyecto parecido que beneficie a los pa\u00edses de la cuenca del r\u00edo Indo.<\/p>\n<p style=\"text-align: justify;\"><strong>Exportamos conocimiento<\/strong><\/p>\n<p style=\"text-align: justify;\">Este proyecto de adaptaci\u00f3n al cambio clim\u00e1tico es pionero a nivel mundial, por esta raz\u00f3n, los pa\u00edses de la cuenca del Indo (Afganist\u00e1n, China, India y Pakist\u00e1n) expresaron la necesidad de implementarlo en su regi\u00f3n.<\/p>\n<p style=\"text-align: justify;\"><strong>El dato<\/strong><\/p>\n<p style=\"text-align: justify;\">Existen 16 parcelas de 144m2, cada una, en las que actualmente el PRAA realiza actividades de investigaci\u00f3n cient\u00edfica.\u00a0 Los resultados de estos ensayos ser\u00e1n analizados durante dos a\u00f1os, para definir las t\u00e9cnicas de recuperaci\u00f3n del p\u00e1ramo m\u00e1s adecuadas,\u00a0 que m\u00e1s tarde se aplicar\u00e1n a gran escala.<\/p>\n<div id='gallery-1' class='gallery galleryid-17999 gallery-columns-3 gallery-size-thumbnail'><dl class='gallery-item'>\n\t\t\t<dt class='gallery-icon landscape'>\n\t\t\t\t<a href='https:\/\/www.ambienteyenergia.gob.ec\/ambiente\/autoridades-y-expertos-de-los-paises-de-afganistan-china-india-y-pakistan-visitaron-el-parque-nacional-antisana\/img_7026\/'><img loading=\"lazy\" decoding=\"async\" width=\"150\" height=\"150\" src=\"https:\/\/www.ambienteyenergia.gob.ec\/ambiente\/wp-content\/uploads\/sites\/2\/2014\/01\/IMG_7026-150x150.jpg\" class=\"attachment-thumbnail size-thumbnail\" alt=\"\" \/><\/a>\n\t\t\t<\/dt><\/dl><dl class='gallery-item'>\n\t\t\t<dt class='gallery-icon landscape'>\n\t\t\t\t<a href='https:\/\/www.ambienteyenergia.gob.ec\/ambiente\/autoridades-y-expertos-de-los-paises-de-afganistan-china-india-y-pakistan-visitaron-el-parque-nacional-antisana\/img_6962\/'><img loading=\"lazy\" decoding=\"async\" width=\"150\" height=\"150\" src=\"https:\/\/www.ambienteyenergia.gob.ec\/ambiente\/wp-content\/uploads\/sites\/2\/2014\/01\/IMG_6962-150x150.jpg\" class=\"attachment-thumbnail size-thumbnail\" alt=\"\" \/><\/a>\n\t\t\t<\/dt><\/dl>\n\t\t\t<br style='clear: both' \/>\n\t\t<\/div>\n\n","protected":false},"excerpt":{"rendered":"<p class=\"excerpt\">Admirados por la impresionante belleza del paisaje, autoridades y expertos de la delegaci\u00f3n de Asia, hicieron un recorrido en la Reserva Ecol\u00f3gica Antisana, para conocer las actividades de monitoreo de glaciares y los ensayos de adaptaci\u00f3n al cambio clim\u00e1tico, que en esa zona realiza el Ministerio del Ambiente del Ecuador (MAE), a trav\u00e9s de la Subsecretar\u00eda de Cambio Clim\u00e1tico y&hellip; <a href=\"https:\/\/www.ambienteyenergia.gob.ec\/ambiente\/autoridades-y-expertos-de-los-paises-de-afganistan-china-india-y-pakistan-visitaron-el-parque-nacional-antisana\/\">Read more &rarr;<\/a><\/p>\n","protected":false},"author":13,"featured_media":18000,"comment_status":"open","ping_status":"open","sticky":false,"template":"","format":"standard","meta":{"footnotes":""},"categories":[16,4],"tags":[],"class_list":["post-17999","post","type-post","status-publish","format-standard","has-post-thumbnail","hentry","category-comunicamos","category-noticias","xfolkentry"],"_links":{"self":[{"href":"https:\/\/www.ambienteyenergia.gob.ec\/ambiente\/wp-json\/wp\/v2\/posts\/17999","targetHints":{"allow":["GET"]}}],"collection":[{"href":"https:\/\/www.ambienteyenergia.gob.ec\/ambiente\/wp-json\/wp\/v2\/posts"}],"about":[{"href":"https:\/\/www.ambienteyenergia.gob.ec\/ambiente\/wp-json\/wp\/v2\/types\/post"}],"author":[{"embeddable":true,"href":"https:\/\/www.ambienteyenergia.gob.ec\/ambiente\/wp-json\/wp\/v2\/users\/13"}],"replies":[{"embeddable":true,"href":"https:\/\/www.ambienteyenergia.gob.ec\/ambiente\/wp-json\/wp\/v2\/comments?post=17999"}],"version-history":[{"count":0,"href":"https:\/\/www.ambienteyenergia.gob.ec\/ambiente\/wp-json\/wp\/v2\/posts\/17999\/revisions"}],"wp:featuredmedia":[{"embeddable":true,"href":"https:\/\/www.ambienteyenergia.gob.ec\/ambiente\/wp-json\/wp\/v2\/media\/18000"}],"wp:attachment":[{"href":"https:\/\/www.ambienteyenergia.gob.ec\/ambiente\/wp-json\/wp\/v2\/media?parent=17999"}],"wp:term":[{"taxonomy":"category","embeddable":true,"href":"https:\/\/www.ambienteyenergia.gob.ec\/ambiente\/wp-json\/wp\/v2\/categories?post=17999"},{"taxonomy":"post_tag","embeddable":true,"href":"https:\/\/www.ambienteyenergia.gob.ec\/ambiente\/wp-json\/wp\/v2\/tags?post=17999"}],"curies":[{"name":"wp","href":"https:\/\/api.w.org\/{rel}","templated":true}]}}