{"id":17995,"date":"2014-01-30T11:33:30","date_gmt":"2014-01-30T16:33:30","guid":{"rendered":"http:\/\/www.ambiente.gob.ec\/?p=17995"},"modified":"2014-01-30T11:33:30","modified_gmt":"2014-01-30T16:33:30","slug":"75-ninos-fueron-capacitados-en-el-manejo-adecuado-de-residuos-solidos-en-imbabura","status":"publish","type":"post","link":"https:\/\/www.ambienteyenergia.gob.ec\/ambiente\/75-ninos-fueron-capacitados-en-el-manejo-adecuado-de-residuos-solidos-en-imbabura\/","title":{"rendered":"75 ni\u00f1os fueron capacitados en el manejo adecuado de residuos s\u00f3lidos en Imbabura"},"content":{"rendered":"<p style=\"text-align: justify;\">Ayer, el Ministerio del Ambiente (MAE), a trav\u00e9s de la Direcci\u00f3n Provincial de Imbabura, imparti\u00f3 un taller de manejo de desechos s\u00f3lidos a alrededor de 75 ni\u00f1os y ni\u00f1as de primero a s\u00e9ptimo a\u00f1o de educaci\u00f3n b\u00e1sica de la Escuela Jos\u00e9 Mar\u00eda Urbina del Valle del Chota. El objetivo de esta iniciativa fue crear una conciencia ecol\u00f3gica en los estudiantes para que se involucren en los procesos de educaci\u00f3n mediante\u00a0 actividades l\u00fadico-cognitivas, que propicien la protecci\u00f3n y conservaci\u00f3n ambiental.<\/p>\n<p style=\"text-align: justify;\">Los residuos s\u00f3lidos son uno de los conflictos ambientales m\u00e1s graves, por esa raz\u00f3n, esta Cartera de Estado trabaja desde diferentes frentes, uno de ellos es la educaci\u00f3n ambiental dirigida especialmente a ni\u00f1os, pues son quienes m\u00e1s se comprometen en el cuidado de los recursos naturales.<\/p>\n<p style=\"text-align: justify;\">En la capacitaci\u00f3n aprendieron c\u00f3mo separar los desechos y que materiales pueden ser reciclados. Asimismo, se les inform\u00f3 sobre los desechos peligros y qu\u00e9 consecuencias tiene el arrojar basura.<\/p>\n<p style=\"text-align: justify;\">De la misma forma, como parte de este proyecto, se sembraron 15 plantas ornamentales en los jardines de la instituci\u00f3n educativa. Cada estudiante colabor\u00f3 en la fase de plantaci\u00f3n.<\/p>\n<p style=\"text-align: justify;\">Con actividades como \u00e9sta, el MAE busca ejercer en forma eficaz y eficiente la legislaci\u00f3n ambiental vigente en el Ecuador, con el prop\u00f3sito de solucionar los problemas ambientales y promover la mejora continua en todos los procesos productivos mitigando la contaminaci\u00f3n ambiental.<\/p>\n<p style=\"text-align: justify;\">\u00a0<a href=\"http:\/\/www.ambienteyenergia.gob.ec\/ambiente\/wp-content\/uploads\/2014\/01\/taller-jose-maria2.png\"><img loading=\"lazy\" decoding=\"async\" class=\"aligncenter size-full wp-image-17997\" alt=\"taller jose maria\" src=\"http:\/\/www.ambienteyenergia.gob.ec\/ambiente\/wp-content\/uploads\/2014\/01\/taller-jose-maria2.png\" width=\"383\" height=\"452\" srcset=\"https:\/\/www.ambienteyenergia.gob.ec\/ambiente\/wp-content\/uploads\/sites\/2\/2014\/01\/taller-jose-maria2.png 383w, https:\/\/www.ambienteyenergia.gob.ec\/ambiente\/wp-content\/uploads\/sites\/2\/2014\/01\/taller-jose-maria2-254x300.png 254w\" sizes=\"auto, (max-width: 383px) 100vw, 383px\" \/><\/a><\/p>\n","protected":false},"excerpt":{"rendered":"<p class=\"excerpt\">Ayer, el Ministerio del Ambiente (MAE), a trav\u00e9s de la Direcci\u00f3n Provincial de Imbabura, imparti\u00f3 un taller de manejo de desechos s\u00f3lidos a alrededor de 75 ni\u00f1os y ni\u00f1as de primero a s\u00e9ptimo a\u00f1o de educaci\u00f3n b\u00e1sica de la Escuela Jos\u00e9 Mar\u00eda Urbina del Valle del Chota. El objetivo de esta iniciativa fue crear una conciencia ecol\u00f3gica en los estudiantes&hellip; <a href=\"https:\/\/www.ambienteyenergia.gob.ec\/ambiente\/75-ninos-fueron-capacitados-en-el-manejo-adecuado-de-residuos-solidos-en-imbabura\/\">Read more &rarr;<\/a><\/p>\n","protected":false},"author":13,"featured_media":17996,"comment_status":"open","ping_status":"open","sticky":false,"template":"","format":"standard","meta":{"footnotes":""},"categories":[16,4],"tags":[],"class_list":["post-17995","post","type-post","status-publish","format-standard","has-post-thumbnail","hentry","category-comunicamos","category-noticias","xfolkentry"],"_links":{"self":[{"href":"https:\/\/www.ambienteyenergia.gob.ec\/ambiente\/wp-json\/wp\/v2\/posts\/17995","targetHints":{"allow":["GET"]}}],"collection":[{"href":"https:\/\/www.ambienteyenergia.gob.ec\/ambiente\/wp-json\/wp\/v2\/posts"}],"about":[{"href":"https:\/\/www.ambienteyenergia.gob.ec\/ambiente\/wp-json\/wp\/v2\/types\/post"}],"author":[{"embeddable":true,"href":"https:\/\/www.ambienteyenergia.gob.ec\/ambiente\/wp-json\/wp\/v2\/users\/13"}],"replies":[{"embeddable":true,"href":"https:\/\/www.ambienteyenergia.gob.ec\/ambiente\/wp-json\/wp\/v2\/comments?post=17995"}],"version-history":[{"count":0,"href":"https:\/\/www.ambienteyenergia.gob.ec\/ambiente\/wp-json\/wp\/v2\/posts\/17995\/revisions"}],"wp:featuredmedia":[{"embeddable":true,"href":"https:\/\/www.ambienteyenergia.gob.ec\/ambiente\/wp-json\/wp\/v2\/media\/17996"}],"wp:attachment":[{"href":"https:\/\/www.ambienteyenergia.gob.ec\/ambiente\/wp-json\/wp\/v2\/media?parent=17995"}],"wp:term":[{"taxonomy":"category","embeddable":true,"href":"https:\/\/www.ambienteyenergia.gob.ec\/ambiente\/wp-json\/wp\/v2\/categories?post=17995"},{"taxonomy":"post_tag","embeddable":true,"href":"https:\/\/www.ambienteyenergia.gob.ec\/ambiente\/wp-json\/wp\/v2\/tags?post=17995"}],"curies":[{"name":"wp","href":"https:\/\/api.w.org\/{rel}","templated":true}]}}