{"id":17981,"date":"2014-01-30T09:05:43","date_gmt":"2014-01-30T14:05:43","guid":{"rendered":"http:\/\/www.ambiente.gob.ec\/?p=17981"},"modified":"2014-01-30T09:13:45","modified_gmt":"2014-01-30T14:13:45","slug":"mae-rescata-tigrillo-en-zona-rural-de-tosagua","status":"publish","type":"post","link":"https:\/\/www.ambienteyenergia.gob.ec\/ambiente\/mae-rescata-tigrillo-en-zona-rural-de-tosagua\/","title":{"rendered":"MAE rescata tigrillo en zona rural de Tosagua"},"content":{"rendered":"<p style=\"text-align: justify;\">El\u00a0 Ministerio del Ambiente de Ecuador (MAE), en coordinaci\u00f3n con personal de la Unidad de Protecci\u00f3n del Medio Ambiente (UPMA),\u00a0 rescataron\u00a0 a un tigrillo <em>(Leopardus pardalis), <\/em>el pasado 28 de enero<em>, <\/em>en el sitio Los Pozos del cant\u00f3n Tosagua, provincia de Manab\u00ed. \u00c1ngelo Traverso, Director Provincial del Ambiente de Manab\u00ed, afirm\u00f3 que el rescate se dio luego de una denuncia receptada por el Ecu 911.<\/p>\n<p style=\"text-align: justify;\">Funcionarios del MAE, al conocer el hecho, se movilizaron r\u00e1pidamente al lugar para verificar la presencia del animal. El felino se encontraba en posesi\u00f3n de una familia, por lo que se procedi\u00f3 a trasladarlo al Centro de Rescate Nuestra Fauna de la Universidad T\u00e9cnica de Manab\u00ed (UTM), instituci\u00f3n avalada por la Autoridad Ambiental.<\/p>\n<p style=\"text-align: justify;\">En el lugar, se le realiz\u00f3 una evaluaci\u00f3n m\u00e9dica, en la que se determin\u00f3 que su estado de salud es favorable, pues su comportamiento responde a un individuo en estado salvaje, por lo cual, se planea liberarlo este fin de semana en el Parque Nacional Machalilla.<\/p>\n<p style=\"text-align: justify;\">El MAE, como principal organismo ambiental del pa\u00eds, trabaja para garantizar la preservaci\u00f3n de\u00a0 la biodiversidad y velar por el bienestar de todos los seres vivos, seg\u00fan lo estipulado en la normativa ambiental vigente, misma que fue estructurada en concordancia con los lineamientos del Buen Vivir y la Constituci\u00f3n Pol\u00edtica<\/p>\n","protected":false},"excerpt":{"rendered":"<p class=\"excerpt\">El\u00a0 Ministerio del Ambiente de Ecuador (MAE), en coordinaci\u00f3n con personal de la Unidad de Protecci\u00f3n del Medio Ambiente (UPMA),\u00a0 rescataron\u00a0 a un tigrillo (Leopardus pardalis), el pasado 28 de enero, en el sitio Los Pozos del cant\u00f3n Tosagua, provincia de Manab\u00ed. \u00c1ngelo Traverso, Director Provincial del Ambiente de Manab\u00ed, afirm\u00f3 que el rescate se dio luego de una denuncia&hellip; <a href=\"https:\/\/www.ambienteyenergia.gob.ec\/ambiente\/mae-rescata-tigrillo-en-zona-rural-de-tosagua\/\">Read more &rarr;<\/a><\/p>\n","protected":false},"author":13,"featured_media":17983,"comment_status":"open","ping_status":"open","sticky":false,"template":"","format":"standard","meta":{"footnotes":""},"categories":[16,4],"tags":[],"class_list":["post-17981","post","type-post","status-publish","format-standard","has-post-thumbnail","hentry","category-comunicamos","category-noticias","xfolkentry"],"_links":{"self":[{"href":"https:\/\/www.ambienteyenergia.gob.ec\/ambiente\/wp-json\/wp\/v2\/posts\/17981","targetHints":{"allow":["GET"]}}],"collection":[{"href":"https:\/\/www.ambienteyenergia.gob.ec\/ambiente\/wp-json\/wp\/v2\/posts"}],"about":[{"href":"https:\/\/www.ambienteyenergia.gob.ec\/ambiente\/wp-json\/wp\/v2\/types\/post"}],"author":[{"embeddable":true,"href":"https:\/\/www.ambienteyenergia.gob.ec\/ambiente\/wp-json\/wp\/v2\/users\/13"}],"replies":[{"embeddable":true,"href":"https:\/\/www.ambienteyenergia.gob.ec\/ambiente\/wp-json\/wp\/v2\/comments?post=17981"}],"version-history":[{"count":0,"href":"https:\/\/www.ambienteyenergia.gob.ec\/ambiente\/wp-json\/wp\/v2\/posts\/17981\/revisions"}],"wp:featuredmedia":[{"embeddable":true,"href":"https:\/\/www.ambienteyenergia.gob.ec\/ambiente\/wp-json\/wp\/v2\/media\/17983"}],"wp:attachment":[{"href":"https:\/\/www.ambienteyenergia.gob.ec\/ambiente\/wp-json\/wp\/v2\/media?parent=17981"}],"wp:term":[{"taxonomy":"category","embeddable":true,"href":"https:\/\/www.ambienteyenergia.gob.ec\/ambiente\/wp-json\/wp\/v2\/categories?post=17981"},{"taxonomy":"post_tag","embeddable":true,"href":"https:\/\/www.ambienteyenergia.gob.ec\/ambiente\/wp-json\/wp\/v2\/tags?post=17981"}],"curies":[{"name":"wp","href":"https:\/\/api.w.org\/{rel}","templated":true}]}}