{"id":17978,"date":"2014-01-30T08:26:32","date_gmt":"2014-01-30T13:26:32","guid":{"rendered":"http:\/\/www.ambiente.gob.ec\/?p=17978"},"modified":"2014-01-30T09:08:00","modified_gmt":"2014-01-30T14:08:00","slug":"capacitacion-guardianes-del-planeta-unidad-educativa-mixta-alejandro-de-humboldt","status":"publish","type":"post","link":"https:\/\/www.ambienteyenergia.gob.ec\/ambiente\/capacitacion-guardianes-del-planeta-unidad-educativa-mixta-alejandro-de-humboldt\/","title":{"rendered":"El proyecto Guardianes del Planeta capacit\u00f3 a ni\u00f1os de la Unidad Educativa Mixta Alejandro de Humboldt, en Imbabura"},"content":{"rendered":"<p style=\"text-align: justify;\">El d\u00eda mi\u00e9rcoles 29 de enero, la Direcci\u00f3n Provincial del Ambiente de Imbabura, a trav\u00e9s de la Reserva Ecol\u00f3gica Cotacachi Cayapas realiz\u00f3 un taller de capacitaci\u00f3n con los ni\u00f1os de sexto y s\u00e9ptimo a\u00f1os de b\u00e1sica de la Unidad Educativa Mixta Alejandro de Humboldt de la comunidad La Carolina, como parte del \u201cProyecto Guardianes del Planeta\u201d, con la finalidad de establecer nuevos compromisos y un cambio de actitud frente al cuidado del ambiente.<\/p>\n<p style=\"text-align: justify;\">La capacitaci\u00f3n fue sobre el cambio clim\u00e1tico que sufre nuestro planeta, y las consecuencias de esta alteraci\u00f3n. Participaron docentes, estudiantes y comunidad en general.<\/p>\n<p style=\"text-align: justify;\">Esta Cartera de Estado, es el \u00f3rgano rector de las pol\u00edticas ambientales en el Ecuador y responsable de garantizar un ambiente sano y ecol\u00f3gicamente equilibrado. Por ello, uno de su ejes de trabajo es el fortalecimiento de la educaci\u00f3n ambiental como una estrategia clave, que incida directamente en la gesti\u00f3n ambiental, y contribuya en procesos de participaci\u00f3n ciudadana comprometida con el desarrollo sostenible del pa\u00eds.<\/p>\n<p style=\"text-align: justify;\">\n","protected":false},"excerpt":{"rendered":"<p class=\"excerpt\">El d\u00eda mi\u00e9rcoles 29 de enero, la Direcci\u00f3n Provincial del Ambiente de Imbabura, a trav\u00e9s de la Reserva Ecol\u00f3gica Cotacachi Cayapas realiz\u00f3 un taller de capacitaci\u00f3n con los ni\u00f1os de sexto y s\u00e9ptimo a\u00f1os de b\u00e1sica de la Unidad Educativa Mixta Alejandro de Humboldt de la comunidad La Carolina, como parte del \u201cProyecto Guardianes del Planeta\u201d, con la finalidad de&hellip; <a href=\"https:\/\/www.ambienteyenergia.gob.ec\/ambiente\/capacitacion-guardianes-del-planeta-unidad-educativa-mixta-alejandro-de-humboldt\/\">Read more &rarr;<\/a><\/p>\n","protected":false},"author":13,"featured_media":17979,"comment_status":"open","ping_status":"open","sticky":false,"template":"","format":"standard","meta":{"footnotes":""},"categories":[16,4],"tags":[],"class_list":["post-17978","post","type-post","status-publish","format-standard","has-post-thumbnail","hentry","category-comunicamos","category-noticias","xfolkentry"],"_links":{"self":[{"href":"https:\/\/www.ambienteyenergia.gob.ec\/ambiente\/wp-json\/wp\/v2\/posts\/17978","targetHints":{"allow":["GET"]}}],"collection":[{"href":"https:\/\/www.ambienteyenergia.gob.ec\/ambiente\/wp-json\/wp\/v2\/posts"}],"about":[{"href":"https:\/\/www.ambienteyenergia.gob.ec\/ambiente\/wp-json\/wp\/v2\/types\/post"}],"author":[{"embeddable":true,"href":"https:\/\/www.ambienteyenergia.gob.ec\/ambiente\/wp-json\/wp\/v2\/users\/13"}],"replies":[{"embeddable":true,"href":"https:\/\/www.ambienteyenergia.gob.ec\/ambiente\/wp-json\/wp\/v2\/comments?post=17978"}],"version-history":[{"count":0,"href":"https:\/\/www.ambienteyenergia.gob.ec\/ambiente\/wp-json\/wp\/v2\/posts\/17978\/revisions"}],"wp:featuredmedia":[{"embeddable":true,"href":"https:\/\/www.ambienteyenergia.gob.ec\/ambiente\/wp-json\/wp\/v2\/media\/17979"}],"wp:attachment":[{"href":"https:\/\/www.ambienteyenergia.gob.ec\/ambiente\/wp-json\/wp\/v2\/media?parent=17978"}],"wp:term":[{"taxonomy":"category","embeddable":true,"href":"https:\/\/www.ambienteyenergia.gob.ec\/ambiente\/wp-json\/wp\/v2\/categories?post=17978"},{"taxonomy":"post_tag","embeddable":true,"href":"https:\/\/www.ambienteyenergia.gob.ec\/ambiente\/wp-json\/wp\/v2\/tags?post=17978"}],"curies":[{"name":"wp","href":"https:\/\/api.w.org\/{rel}","templated":true}]}}