{"id":17976,"date":"2014-01-29T16:59:05","date_gmt":"2014-01-29T21:59:05","guid":{"rendered":"http:\/\/www.ambiente.gob.ec\/?p=17976"},"modified":"2014-01-30T11:26:50","modified_gmt":"2014-01-30T16:26:50","slug":"pngids-propone-modelo-de-gestion-en-residuos-solidos-a-mancomunidad","status":"publish","type":"post","link":"https:\/\/www.ambienteyenergia.gob.ec\/ambiente\/pngids-propone-modelo-de-gestion-en-residuos-solidos-a-mancomunidad\/","title":{"rendered":"PNGIDS propone modelo de gesti\u00f3n en residuos s\u00f3lidos a Mancomunidad de la Cuenca Alta del R\u00edo Catamayo"},"content":{"rendered":"<p style=\"text-align: justify;\">El Ministerio del Ambiente, a trav\u00e9s del Programa Nacional para la Gesti\u00f3n Integral de Desechos S\u00f3lidos (PNGIDS), entreg\u00f3 sus estudios de basura, a la Mancomunidad de la Cuenca Alta del R\u00edo Catamayo conformado por los cantones: Calvas, Espindola, Gonzanam\u00e1, Quilanga y Sozoranga, pertenecientes a la provincia de Loja.<\/p>\n<p style=\"text-align: justify;\">En la Mancomunidad habitan 69.552 personas, que producen 0,63 kilos de residuos promedio al d\u00eda en la zona urbana, con una producci\u00f3n mancomunada de 11, 77 toneladas diarias. Se generan 51,7% de residuos org\u00e1nicos; 10,67% de pl\u00e1sticos; 10,48% de papel y cart\u00f3n; 3,83% de vidrio; 2,25% de metal; 3,09% de textiles y 17,97% en otros. Estos datos fueron los obtenidos por la consultora que realiz\u00f3 los estudios en los cinco cantones de la Mancomunidad.<\/p>\n<p style=\"text-align: justify;\">El PNGIDS supervis\u00f3 las cinco fases de los estudios: Diagn\u00f3stico de la situaci\u00f3n actual de la gesti\u00f3n integral de desechos s\u00f3lidos; estudios de factibilidad; estudios y dise\u00f1os del cierre t\u00e9cnico de los botaderos a cielo abierto (para cada uno de los GADs); y, estudios de impacto ambiental y dise\u00f1os definitivos.<\/p>\n<p style=\"text-align: justify;\">La gesti\u00f3n integral de residuos s\u00f3lidos es un conjunto de acciones interdependientes, que contribuyen aportan al cuidado del ambiente, en el marco de las pol\u00edticas del Buen Vivir estipuladas en la Constituci\u00f3n del Ecuador.<\/p>\n<p style=\"text-align: justify;\">Como resultado de estos estudios se seleccion\u00f3 las alternativas de gesti\u00f3n para cada una de las etapas del modelo a implementarse. Se detallan a continuaci\u00f3n:<\/p>\n<ol>\n<li style=\"text-align: justify;\">Almacenamiento temporal: separaci\u00f3n en la fuente de inorg\u00e1nicos y org\u00e1nicos, en domicilio (recipientes o tachos pl\u00e1sticos) y comunitario (contenedores met\u00e1licos)<\/li>\n<li style=\"text-align: justify;\">Barrido manual para los cinco cantones.<\/li>\n<li style=\"text-align: justify;\">La recolecci\u00f3n y transportes para el sistema de recolecci\u00f3n de residuos es un sistema con veh\u00edculos de carga posterior a nivel de acera.<\/li>\n<li style=\"text-align: justify;\">Tratamiento: desechos org\u00e1nicos (obtener un abono org\u00e1nico a trav\u00e9s de un proceso de compost); desechos inorg\u00e1nicos (reciclaje de materiales como papel, cart\u00f3n, pl\u00e1stico y metales)<\/li>\n<li style=\"text-align: justify;\">Disposici\u00f3n final: Un relleno sanitario, ubicado en el sector La Quesera y 2 estaciones de transferencia (parroquia Utuana, sitio Yambamine &#8211; cant\u00f3n Sozoranga y parroquia 27 de abril, sitio La Y del castillo \u2013 cant\u00f3n Espindola)<\/li>\n<li style=\"text-align: justify;\">Propuesta de creaci\u00f3n de una empresa Mancomunada de Aseo (Centro Integral de Desechos S\u00f3lidos Mancomunado, incluye relleno sanitario y planta de separaci\u00f3n de residuos reciclables.<\/li>\n<\/ol>\n<p style=\"text-align: justify;\">Los estudios constituyen un modelo de gesti\u00f3n pionero en la provincia de Loja, que responde a las caracter\u00edsticas particulares de la Mancomunidad. El Ministerio del Ambiente facilitar\u00e1 y dar\u00e1 prioridad a los procesos de regularizaci\u00f3n ambiental, al cierre t\u00e9cnico de botaderos y a la implementaci\u00f3n del modelo GIRS. Adem\u00e1s, de colaborar con la Mancomunidad para la obtenci\u00f3n de financiamiento para la implementaci\u00f3n de los estudios.<\/p>\n","protected":false},"excerpt":{"rendered":"<p class=\"excerpt\">El Ministerio del Ambiente, a trav\u00e9s del Programa Nacional para la Gesti\u00f3n Integral de Desechos S\u00f3lidos (PNGIDS), entreg\u00f3 sus estudios de basura, a la Mancomunidad de la Cuenca Alta del R\u00edo Catamayo conformado por los cantones: Calvas, Espindola, Gonzanam\u00e1, Quilanga y Sozoranga, pertenecientes a la provincia de Loja. En la Mancomunidad habitan 69.552 personas, que producen 0,63 kilos de residuos&hellip; <a href=\"https:\/\/www.ambienteyenergia.gob.ec\/ambiente\/pngids-propone-modelo-de-gestion-en-residuos-solidos-a-mancomunidad\/\">Read more &rarr;<\/a><\/p>\n","protected":false},"author":13,"featured_media":17993,"comment_status":"open","ping_status":"open","sticky":false,"template":"","format":"standard","meta":{"footnotes":""},"categories":[16,4],"tags":[],"class_list":["post-17976","post","type-post","status-publish","format-standard","has-post-thumbnail","hentry","category-comunicamos","category-noticias","xfolkentry"],"_links":{"self":[{"href":"https:\/\/www.ambienteyenergia.gob.ec\/ambiente\/wp-json\/wp\/v2\/posts\/17976","targetHints":{"allow":["GET"]}}],"collection":[{"href":"https:\/\/www.ambienteyenergia.gob.ec\/ambiente\/wp-json\/wp\/v2\/posts"}],"about":[{"href":"https:\/\/www.ambienteyenergia.gob.ec\/ambiente\/wp-json\/wp\/v2\/types\/post"}],"author":[{"embeddable":true,"href":"https:\/\/www.ambienteyenergia.gob.ec\/ambiente\/wp-json\/wp\/v2\/users\/13"}],"replies":[{"embeddable":true,"href":"https:\/\/www.ambienteyenergia.gob.ec\/ambiente\/wp-json\/wp\/v2\/comments?post=17976"}],"version-history":[{"count":0,"href":"https:\/\/www.ambienteyenergia.gob.ec\/ambiente\/wp-json\/wp\/v2\/posts\/17976\/revisions"}],"wp:featuredmedia":[{"embeddable":true,"href":"https:\/\/www.ambienteyenergia.gob.ec\/ambiente\/wp-json\/wp\/v2\/media\/17993"}],"wp:attachment":[{"href":"https:\/\/www.ambienteyenergia.gob.ec\/ambiente\/wp-json\/wp\/v2\/media?parent=17976"}],"wp:term":[{"taxonomy":"category","embeddable":true,"href":"https:\/\/www.ambienteyenergia.gob.ec\/ambiente\/wp-json\/wp\/v2\/categories?post=17976"},{"taxonomy":"post_tag","embeddable":true,"href":"https:\/\/www.ambienteyenergia.gob.ec\/ambiente\/wp-json\/wp\/v2\/tags?post=17976"}],"curies":[{"name":"wp","href":"https:\/\/api.w.org\/{rel}","templated":true}]}}