{"id":17968,"date":"2014-01-29T14:23:57","date_gmt":"2014-01-29T19:23:57","guid":{"rendered":"http:\/\/www.ambiente.gob.ec\/?p=17968"},"modified":"2014-01-29T15:28:01","modified_gmt":"2014-01-29T20:28:01","slug":"mae-conmemorara-el-dia-mundial-de-los-humedales","status":"publish","type":"post","link":"https:\/\/www.ambienteyenergia.gob.ec\/ambiente\/mae-conmemorara-el-dia-mundial-de-los-humedales\/","title":{"rendered":"MAE conmemorar\u00e1 el D\u00eda Mundial de los Humedales"},"content":{"rendered":"<p style=\"text-align: justify;\">El Ministerio del Ambiente del Ecuador (MAE), en conmemoraci\u00f3n al D\u00eda Mundial de los Humedales, que se celebra el 2 de febrero de cada a\u00f1o, realizar\u00e1 una Casa Abierta, en el Humedal La Tembladera, ubicado en el cant\u00f3n Santa Rosa, provincia de El Oro. El objetivo de esta actividad es difundir la importancia que generan estos sitios para la conservaci\u00f3n de los ecosistemas.<\/p>\n<p style=\"text-align: justify;\">De acuerdo al Convenio Internacional para sitios RAMSAR, el 2014 el lema de celebraci\u00f3n es \u201cHumedales y Agricultura: Juntos por el crecimiento\u201d lo que engloba una serie de actividades que convergen en el desarrollo de los pueblos mediante la agricultura, pero realizando buenas pr\u00e1cticas ambientales de conservaci\u00f3n y administraci\u00f3n de los recursos y servicios ambientales que prestan los humedales.<\/p>\n<p style=\"text-align: justify;\">Este tipo de actividades se desarrollar\u00e1n en varios Humedales que son gestionados a trav\u00e9s del Ministerio del Ambiente (MAE) de Ecuador, como una forma de sensibilizar a la poblaci\u00f3n para que participe activamente en todos los procesos que generen sostenibilidad y manejo adecuado de estos espacios.<\/p>\n<p style=\"text-align: justify;\">Para el caso del Humedal La Tembladera, el MAE a trav\u00e9s del Proyecto de Sostenibilidad Financiera de \u00c1reas Protegidas, promueve actividades para el fortalecimiento institucional y de las capacidades locales, as\u00ed como el apoyo a procesos de desarrollo econ\u00f3mico y cultural de la zona.<\/p>\n<p style=\"text-align: justify;\">Una ordenanza municipal para la conservaci\u00f3n, varias jornadas de capacitaci\u00f3n, el dise\u00f1o de una estrategia de sostenibilidad financiera, el apoyo en la conformaci\u00f3n de la Asociaci\u00f3n de Productores Agro artesanales \u2013 ASOGRTEM, entre otras acciones, se desarrollan en el Humedal La Tembladera, con el prop\u00f3sito de consolidarlo como \u00e1rea que aporta beneficios a las personas, la vida silvestre, las econom\u00edas y la biodiversidad.<\/p>\n<p style=\"text-align: justify;\">El Ecuador empez\u00f3 a trabajar con la Convenci\u00f3n RAMSAR desde 1991 con el prop\u00f3sito de realizar esfuerzos de conservaci\u00f3n y manejo de los humedales (Echeverr\u00eda, 2008). Dentro del pa\u00eds, existen 18 sitios RAMSAR, que comprenden un total de 286,659 hect\u00e1reas.<\/p>\n","protected":false},"excerpt":{"rendered":"<p class=\"excerpt\">El Ministerio del Ambiente del Ecuador (MAE), en conmemoraci\u00f3n al D\u00eda Mundial de los Humedales, que se celebra el 2 de febrero de cada a\u00f1o, realizar\u00e1 una Casa Abierta, en el Humedal La Tembladera, ubicado en el cant\u00f3n Santa Rosa, provincia de El Oro. El objetivo de esta actividad es difundir la importancia que generan estos sitios para la conservaci\u00f3n&hellip; <a href=\"https:\/\/www.ambienteyenergia.gob.ec\/ambiente\/mae-conmemorara-el-dia-mundial-de-los-humedales\/\">Read more &rarr;<\/a><\/p>\n","protected":false},"author":13,"featured_media":17969,"comment_status":"open","ping_status":"open","sticky":false,"template":"","format":"standard","meta":{"footnotes":""},"categories":[16,4],"tags":[],"class_list":["post-17968","post","type-post","status-publish","format-standard","has-post-thumbnail","hentry","category-comunicamos","category-noticias","xfolkentry"],"_links":{"self":[{"href":"https:\/\/www.ambienteyenergia.gob.ec\/ambiente\/wp-json\/wp\/v2\/posts\/17968","targetHints":{"allow":["GET"]}}],"collection":[{"href":"https:\/\/www.ambienteyenergia.gob.ec\/ambiente\/wp-json\/wp\/v2\/posts"}],"about":[{"href":"https:\/\/www.ambienteyenergia.gob.ec\/ambiente\/wp-json\/wp\/v2\/types\/post"}],"author":[{"embeddable":true,"href":"https:\/\/www.ambienteyenergia.gob.ec\/ambiente\/wp-json\/wp\/v2\/users\/13"}],"replies":[{"embeddable":true,"href":"https:\/\/www.ambienteyenergia.gob.ec\/ambiente\/wp-json\/wp\/v2\/comments?post=17968"}],"version-history":[{"count":0,"href":"https:\/\/www.ambienteyenergia.gob.ec\/ambiente\/wp-json\/wp\/v2\/posts\/17968\/revisions"}],"wp:featuredmedia":[{"embeddable":true,"href":"https:\/\/www.ambienteyenergia.gob.ec\/ambiente\/wp-json\/wp\/v2\/media\/17969"}],"wp:attachment":[{"href":"https:\/\/www.ambienteyenergia.gob.ec\/ambiente\/wp-json\/wp\/v2\/media?parent=17968"}],"wp:term":[{"taxonomy":"category","embeddable":true,"href":"https:\/\/www.ambienteyenergia.gob.ec\/ambiente\/wp-json\/wp\/v2\/categories?post=17968"},{"taxonomy":"post_tag","embeddable":true,"href":"https:\/\/www.ambienteyenergia.gob.ec\/ambiente\/wp-json\/wp\/v2\/tags?post=17968"}],"curies":[{"name":"wp","href":"https:\/\/api.w.org\/{rel}","templated":true}]}}