{"id":17957,"date":"2014-01-28T16:52:17","date_gmt":"2014-01-28T21:52:17","guid":{"rendered":"http:\/\/www.ambiente.gob.ec\/?p=17957"},"modified":"2014-01-30T11:24:25","modified_gmt":"2014-01-30T16:24:25","slug":"mae-fortalece-conservacion-y-el-monitoreo-forestal-en-el-pais","status":"publish","type":"post","link":"https:\/\/www.ambienteyenergia.gob.ec\/ambiente\/mae-fortalece-conservacion-y-el-monitoreo-forestal-en-el-pais\/","title":{"rendered":"MAE fortalece conservaci\u00f3n y monitoreo forestal en el pa\u00eds"},"content":{"rendered":"<p style=\"text-align: justify;\">Hoy, en el marco del fortalecimiento de la conservaci\u00f3n y monitoreo forestal, tras el Estado de Excepci\u00f3n Decretado en Esmeraldas, la Ministra del Ambiente Lorena Tapia, realiz\u00f3 la entrega de incentivos Socio Bosque. Adem\u00e1s, inform\u00f3 a la poblaci\u00f3n sobre la adquisici\u00f3n hist\u00f3rica de drones (aviones no tripulados) para el monitoreo de \u00e1reas de dif\u00edcil acceso, que requieren ser intervenidas para un \u00f3ptimo manejo forestal sostenible.<\/p>\n<p style=\"text-align: justify;\">El evento se desarroll\u00f3 en la Gobernaci\u00f3n de Esmeraldas y cont\u00f3 con la participaci\u00f3n de Christian Ter\u00e1n, Subsecretario de Patrimonio Natural; Narcisa C\u00e1rdenas, Directora Provincial de Esmeraldas; Max Lascano, Gerente del Programa Socio Bosque; Paola Cabezas, Gobernadora de Esmeraldas y cerca de 80 socios, quienes expresaron su agradecimiento por tan importante iniciativa ambiental.<\/p>\n<p style=\"text-align: justify;\">En su intervenci\u00f3n, la Ministra Lorena Tapia destac\u00f3 los esfuerzos que el Gobierno Nacional y esta Cartera de Estado realizan con el fin de brindar oportunidades a los ciudadanos due\u00f1os de bosques en Esmeraldas, pues estos incentivos de conservaci\u00f3n buscan mejorar la calidad de vida de quienes se comprometen con el cuidado del ambiente y la naturaleza.\u201cEl MAE fomenta la construcci\u00f3n del nuevo modelo de desarrollo sostenible, en el cual la conservaci\u00f3n, el patrimonio natural y el turismo comunitario son ejes estrat\u00e9gicos\u201d, asegur\u00f3.<\/p>\n<p style=\"text-align: justify;\">Asimismo, la M\u00e1xima Autoridad Ambiental ratific\u00f3 que el control forestal durante el Estado de Excepci\u00f3n fue una actividad estrat\u00e9gica, pero que a su vez, no se escatimaron recursos en otros frentes como la educaci\u00f3n ambiental y la sensibilizaci\u00f3n a la ciudadan\u00eda sobre la importancia de conservar los bosques nativos.<\/p>\n<p style=\"text-align: justify;\">\u201cLa nueva Pol\u00edtica de Patrimonio Natural toma en cuenta a la conservaci\u00f3n sostenible como uno de sus ejes estrat\u00e9gicos de gesti\u00f3n. Hasta el momento, el programa Socio Bosque registra 1 mill\u00f3n 227 mil hect\u00e1reas conservadas y m\u00e1s de 159 mil beneficiarios en todo el pa\u00eds, la inclusi\u00f3n y la confianza son fundamentales para la conservaci\u00f3n y la preservaci\u00f3n de los recursos naturales\u201d, asever\u00f3 la Ministra Tapia.<\/p>\n<p style=\"text-align: justify;\">Wilson P\u00e9rez, presidente de una de las comunidades beneficiarias, agradeci\u00f3 a la Ministra por impulsar este tipo de iniciativas. \u201cNosotros participamos en el cuidado de los recursos naturales por m\u00e1s de 20 a\u00f1os, pero con el apoyo del MAE, hemos alcanzado m\u00e1s hect\u00e1reas conservadas\u201d<\/p>\n<p style=\"text-align: justify;\">Por su parte, el Subsecretario de Patrimonio Natural del MAE, Christian Ter\u00e1n, explic\u00f3 m\u00e1s sobre el Sistema de Monitoreo de la Deforestaci\u00f3n y Reforestaci\u00f3n, a trav\u00e9s de DRONES, herramientas tecnol\u00f3gicas con las cuales se pretende reducir el tr\u00e1fico y tala indiscriminada de madera proveniente de bosques nativos. El plan piloto de este sistema se tiene previsto inicie en los pr\u00f3ximos d\u00edas en Esmeraldas, para lo cual se capacita a alrededor de 28 t\u00e9cnicos, que puedan manejar este tipo de tecnolog\u00edas. Esta iniciativa se replicar\u00e1 a nivel nacional.<\/p>\n<p style=\"text-align: justify;\">En ese sentido, la Ministra del Ambiente asegur\u00f3 que estos aviones no tripulados ser\u00e1n utilizados en sitios estrat\u00e9gicos y de dif\u00edcil acceso para registrar y monitorear el estado de la cobertura vegetal. \u201cEsto nos permitir\u00e1 controlar y frenar la deforestaci\u00f3n que lastima a nuestros bosques. No somos un Gobierno de palabras, sino de hechos\u201d, ratific\u00f3 Tapia.<\/p>\n<p style=\"text-align: justify;\">Finalmente, la Secretar\u00eda de Estado manifest\u00f3 que el MAE realizar\u00e1 todos los esfuerzos para preservar el mantenimiento \u00f3ptimo de las \u00e1reas, bajo conservaci\u00f3n del Programa Socio Bosque. Y de igual forma, gestionar\u00e1 la verificaci\u00f3n de posibles da\u00f1os ambientales que requieran reparaci\u00f3n y la intervenci\u00f3n del Gobierno Nacional mediante el Programa de Reparaci\u00f3n Ambiental y Social (PRAS) que impulsa esta entidad.<\/p>\n<p style=\"text-align: justify;\"><strong>Sistema Nacional de Control Forestal<\/strong><\/p>\n<p style=\"text-align: justify;\">Cabe se\u00f1alar, que la compra de equipamiento de \u00faltima tecnolog\u00eda por parte del MAE responde a la implementaci\u00f3n del primer Sistema Nacional de Control Forestal (SNCF) en el pa\u00eds. Para ello, el Gobierno de la Revoluci\u00f3n Ciudadana ha invertido m\u00e1s de USD 1 mill\u00f3n, en la adquisici\u00f3n de equipos.<\/p>\n<p style=\"text-align: justify;\">El SNCF tiene como objetivo contribuir a mejorar las condiciones de vida de los propietarios de bosques a trav\u00e9s de la aplicaci\u00f3n de mecanismos de manejo, uso y control de los recursos forestales y vida silvestre del pa\u00eds.<\/p>\n<p style=\"text-align: justify;\">La Estrategia para el Desarrollo Forestal del MAE\u00a0 plante\u00f3 como pol\u00edtica de Estado el Manejo Forestal Sustentable de los bosques como condici\u00f3n principal de conservaci\u00f3n de los mismos en el tiempo.<\/p>\n<p style=\"text-align: justify;\"><em>Para visitar la galer\u00eda de fotos del MAE en Flickr da click <a href=\"http:\/\/www.flickr.com\/photos\/ministerioambienteecuador\/\">aqu\u00ed<\/a><\/em><\/p>\n","protected":false},"excerpt":{"rendered":"<p class=\"excerpt\">Hoy, en el marco del fortalecimiento de la conservaci\u00f3n y monitoreo forestal, tras el Estado de Excepci\u00f3n Decretado en Esmeraldas, la Ministra del Ambiente Lorena Tapia, realiz\u00f3 la entrega de incentivos Socio Bosque. Adem\u00e1s, inform\u00f3 a la poblaci\u00f3n sobre la adquisici\u00f3n hist\u00f3rica de drones (aviones no tripulados) para el monitoreo de \u00e1reas de dif\u00edcil acceso, que requieren ser intervenidas para&hellip; <a href=\"https:\/\/www.ambienteyenergia.gob.ec\/ambiente\/mae-fortalece-conservacion-y-el-monitoreo-forestal-en-el-pais\/\">Read more &rarr;<\/a><\/p>\n","protected":false},"author":13,"featured_media":17962,"comment_status":"open","ping_status":"open","sticky":false,"template":"","format":"standard","meta":{"footnotes":""},"categories":[16,4,10],"tags":[],"class_list":["post-17957","post","type-post","status-publish","format-standard","has-post-thumbnail","hentry","category-comunicamos","category-noticias","category-noticias-destacadas","xfolkentry"],"_links":{"self":[{"href":"https:\/\/www.ambienteyenergia.gob.ec\/ambiente\/wp-json\/wp\/v2\/posts\/17957","targetHints":{"allow":["GET"]}}],"collection":[{"href":"https:\/\/www.ambienteyenergia.gob.ec\/ambiente\/wp-json\/wp\/v2\/posts"}],"about":[{"href":"https:\/\/www.ambienteyenergia.gob.ec\/ambiente\/wp-json\/wp\/v2\/types\/post"}],"author":[{"embeddable":true,"href":"https:\/\/www.ambienteyenergia.gob.ec\/ambiente\/wp-json\/wp\/v2\/users\/13"}],"replies":[{"embeddable":true,"href":"https:\/\/www.ambienteyenergia.gob.ec\/ambiente\/wp-json\/wp\/v2\/comments?post=17957"}],"version-history":[{"count":0,"href":"https:\/\/www.ambienteyenergia.gob.ec\/ambiente\/wp-json\/wp\/v2\/posts\/17957\/revisions"}],"wp:featuredmedia":[{"embeddable":true,"href":"https:\/\/www.ambienteyenergia.gob.ec\/ambiente\/wp-json\/wp\/v2\/media\/17962"}],"wp:attachment":[{"href":"https:\/\/www.ambienteyenergia.gob.ec\/ambiente\/wp-json\/wp\/v2\/media?parent=17957"}],"wp:term":[{"taxonomy":"category","embeddable":true,"href":"https:\/\/www.ambienteyenergia.gob.ec\/ambiente\/wp-json\/wp\/v2\/categories?post=17957"},{"taxonomy":"post_tag","embeddable":true,"href":"https:\/\/www.ambienteyenergia.gob.ec\/ambiente\/wp-json\/wp\/v2\/tags?post=17957"}],"curies":[{"name":"wp","href":"https:\/\/api.w.org\/{rel}","templated":true}]}}