{"id":17950,"date":"2014-01-26T14:31:17","date_gmt":"2014-01-26T19:31:17","guid":{"rendered":"http:\/\/www.ambiente.gob.ec\/?p=17950"},"modified":"2014-01-28T14:46:41","modified_gmt":"2014-01-28T19:46:41","slug":"el-dragado-hidraulico-es-una-alternativa-para-descontaminar-el-estero-salado","status":"publish","type":"post","link":"https:\/\/www.ambienteyenergia.gob.ec\/ambiente\/el-dragado-hidraulico-es-una-alternativa-para-descontaminar-el-estero-salado\/","title":{"rendered":"El Dragado hidr\u00e1ulico es una alternativa para descontaminar el Estero Salado"},"content":{"rendered":"<p style=\"text-align: justify;\">Durante el enlace sabatino el presidente de la Rep\u00fablica, Rafael Correa, inform\u00f3 de la visita realizada por una Misi\u00f3n Francesa y la Ministra del Ambiente, Lorena Tapia, al Estero Salado. El recorrido fue positivo para la ciudad de Guayaquil, pues se plante\u00f3 la posibilidad de descontaminar el Estero por completo.<\/p>\n<p style=\"text-align: justify;\">la Ministra Lorena Tapia coment\u00f3 que la visita de campo al Estero determin\u00f3 la posibilidad de realizar un dragado hidr\u00e1ulico. En el recorrido tambi\u00e9n se pudo evidenciar que no existe un modelo exitoso, sino\u00a0 por el contrario, muchas irregularidades en el trabajo\u00a0 que lleva adelante durante varios a\u00f1os el Municipio de Guayaquil.<\/p>\n<p style=\"text-align: justify;\">Por su parte, el Presidente Rafael Correa inform\u00f3 que se buscan las mejores alternativas para reubicar a las familias que, a pesar de estar sobre el agua, tienen t\u00edtulos de propiedad otorgados por el Municipio, convirtiendo en un riesgo potencial la seguridad de todas estas familias, raz\u00f3n por la cual buscan ser reubicadas.<\/p>\n<p style=\"text-align: justify;\">La Ministra Tapia inform\u00f3 de los trabajos de descontaminaci\u00f3n del Estero Salado y por su parte el Jefe de Estado inst\u00f3 a los guayaquile\u00f1os a no creer las mentiras y a continuar apoyando la gesti\u00f3n del Gobierno en favor de las grandes mayor\u00edas.<\/p>\n<p style=\"text-align: justify;\">\n","protected":false},"excerpt":{"rendered":"<p class=\"excerpt\">Durante el enlace sabatino el presidente de la Rep\u00fablica, Rafael Correa, inform\u00f3 de la visita realizada por una Misi\u00f3n Francesa y la Ministra del Ambiente, Lorena Tapia, al Estero Salado. El recorrido fue positivo para la ciudad de Guayaquil, pues se plante\u00f3 la posibilidad de descontaminar el Estero por completo. la Ministra Lorena Tapia coment\u00f3 que la visita de campo&hellip; <a href=\"https:\/\/www.ambienteyenergia.gob.ec\/ambiente\/el-dragado-hidraulico-es-una-alternativa-para-descontaminar-el-estero-salado\/\">Read more &rarr;<\/a><\/p>\n","protected":false},"author":13,"featured_media":17953,"comment_status":"open","ping_status":"open","sticky":false,"template":"","format":"standard","meta":{"footnotes":""},"categories":[16,4],"tags":[],"class_list":["post-17950","post","type-post","status-publish","format-standard","has-post-thumbnail","hentry","category-comunicamos","category-noticias","xfolkentry"],"_links":{"self":[{"href":"https:\/\/www.ambienteyenergia.gob.ec\/ambiente\/wp-json\/wp\/v2\/posts\/17950","targetHints":{"allow":["GET"]}}],"collection":[{"href":"https:\/\/www.ambienteyenergia.gob.ec\/ambiente\/wp-json\/wp\/v2\/posts"}],"about":[{"href":"https:\/\/www.ambienteyenergia.gob.ec\/ambiente\/wp-json\/wp\/v2\/types\/post"}],"author":[{"embeddable":true,"href":"https:\/\/www.ambienteyenergia.gob.ec\/ambiente\/wp-json\/wp\/v2\/users\/13"}],"replies":[{"embeddable":true,"href":"https:\/\/www.ambienteyenergia.gob.ec\/ambiente\/wp-json\/wp\/v2\/comments?post=17950"}],"version-history":[{"count":0,"href":"https:\/\/www.ambienteyenergia.gob.ec\/ambiente\/wp-json\/wp\/v2\/posts\/17950\/revisions"}],"wp:featuredmedia":[{"embeddable":true,"href":"https:\/\/www.ambienteyenergia.gob.ec\/ambiente\/wp-json\/wp\/v2\/media\/17953"}],"wp:attachment":[{"href":"https:\/\/www.ambienteyenergia.gob.ec\/ambiente\/wp-json\/wp\/v2\/media?parent=17950"}],"wp:term":[{"taxonomy":"category","embeddable":true,"href":"https:\/\/www.ambienteyenergia.gob.ec\/ambiente\/wp-json\/wp\/v2\/categories?post=17950"},{"taxonomy":"post_tag","embeddable":true,"href":"https:\/\/www.ambienteyenergia.gob.ec\/ambiente\/wp-json\/wp\/v2\/tags?post=17950"}],"curies":[{"name":"wp","href":"https:\/\/api.w.org\/{rel}","templated":true}]}}