{"id":17947,"date":"2014-01-28T14:23:09","date_gmt":"2014-01-28T19:23:09","guid":{"rendered":"http:\/\/www.ambiente.gob.ec\/?p=17947"},"modified":"2014-01-30T11:26:54","modified_gmt":"2014-01-30T16:26:54","slug":"mae-y-msp-presentaron-resultados-de-campana-agua-segura-y-saneamiento-ambiental-en-esmeraldas","status":"publish","type":"post","link":"https:\/\/www.ambienteyenergia.gob.ec\/ambiente\/mae-y-msp-presentaron-resultados-de-campana-agua-segura-y-saneamiento-ambiental-en-esmeraldas\/","title":{"rendered":"MAE y MSP presentaron resultados de Campa\u00f1a Agua Segura y Saneamiento Ambiental en Esmeraldas"},"content":{"rendered":"<p style=\"text-align: justify;\">La Ministra del Ambiente, Lorena Tapia, particip\u00f3 hoy en la presentaci\u00f3n de resultados de la <b>Campa\u00f1a de Agua Segura y Saneamiento Ambiental en Establecimientos Educativos<\/b>, ejecutada en la provincia de Esmeraldas, como parte del Plan Intersectorial piloto, que tiene como objetivo garantizar el derecho humano a un l\u00edquido vital sano. El evento organizado por el Ministerio de Salud P\u00fablica (MSP), con el apoyo de esta Cartera de Estado, se desarroll\u00f3 en el auditorio del colegio Nelson Estupi\u00f1an Bass, en Tonsupa y cont\u00f3 con la participaci\u00f3n de alrededor de 250 ni\u00f1os y ni\u00f1as; y con autoridades locales como Paola Cabezas, Gobernadora de la provincia de Esmeraldas; Yu Ling Reascos, Coordinadora zonal 4 del Ministerio de Salud P\u00fablica y Narcisa C\u00e1rdenas, Directora Provincial del Ambiente.<\/p>\n<p style=\"text-align: justify;\">En el acto oficial, la M\u00e1xima Autoridad Ambiental agradeci\u00f3 a los ni\u00f1os por su entusiasmo y compromiso para proteger el ambiente y los invit\u00f3 a convertirse en guardianes del planeta replicando los conocimientos aprendidos en sus hogares.<\/p>\n<p style=\"text-align: justify;\">Los Ministerios de Ambiente, Salud, Turismo y la Secretar\u00eda Nacional del Agua (SENAGUA), en el Gabinete presidencial del 3 de mayo de 2013, se comprometieron y definieron estrategias para tomar acciones conjuntas frente a la problem\u00e1tica del agua que posee la provincia verde. En ese sentido, Tapia asegur\u00f3 que el trabajo conjunto e integral es un compromiso permanente de este Gobierno.<\/p>\n<p style=\"text-align: justify;\">Como parte de la campa\u00f1a, el MAE, a trav\u00e9s de la Direcci\u00f3n Provincial de Esmeraldas, ejecut\u00f3 varias capacitaciones dirigidas principalmente a docentes de las distintas instituciones educativas del cant\u00f3n Atacames, en las que se trataron varios temas, entre ellos, el adecuado manejo de los desechos s\u00f3lidos. Alrededor de 221 maestros fueron capacitados, con el fin de que reproduzcan lo aprendido a cerca de 6 383 alumnos. Adem\u00e1s, se efectuaron casas abiertas en las 10 instituciones educativas que participaron en este proceso, donde los estudiantes demostraron los conocimientos adquiridos.<\/p>\n<p style=\"text-align: justify;\">Asimismo, esta Cartera de Estado entreg\u00f3 aproximadamente 100 tachos ecol\u00f3gicos y tres composteras en colegios y escuelas de la provincia, con la finalidad de crear h\u00e1bitos de reciclaje y un buen manejo de residuos s\u00f3lidos en los ni\u00f1os y ni\u00f1as.<\/p>\n<p style=\"text-align: justify;\">Finalmente, la Ministra Lorena Tapia entreg\u00f3 un kit de limpieza personal como parte de esta campa\u00f1a, con el fin de impulsar en los ni\u00f1os una buena higiene.<\/p>\n<p style=\"text-align: justify;\"><b>Otras medidas para controlar el saneamiento del agua\u00a0<\/b><\/p>\n<p style=\"text-align: justify;\">El MAE en coordinaci\u00f3n con otras instituciones p\u00fablicas iniciaron el pasado 7 de junio de 2013, inspecciones en 479 establecimientos tur\u00edsticos de la provincia con la finalidad de evaluar la situaci\u00f3n actual en cumplimiento de la normativa en base a cada una de sus competencias.<\/p>\n<p style=\"text-align: justify;\">Asimismo, el MAE el 28 de junio de 2013, a trav\u00e9s de la Direcci\u00f3n Provincial de Esmeraldas realiz\u00f3 el primer monitoreo de la calidad de agua de r\u00edos y mar en el cant\u00f3n Atacames, con un protocolo de toma de muestras para analizar su grado de contaminaci\u00f3n.<\/p>\n<p style=\"text-align: justify;\"><em>Puedes visitar la galer\u00eda de fotos del MAE en Flickr dando click <a href=\"http:\/\/www.flickr.com\/photos\/ministerioambienteecuador\/\">aqu\u00ed<\/a><\/em><\/p>\n","protected":false},"excerpt":{"rendered":"<p class=\"excerpt\">La Ministra del Ambiente, Lorena Tapia, particip\u00f3 hoy en la presentaci\u00f3n de resultados de la Campa\u00f1a de Agua Segura y Saneamiento Ambiental en Establecimientos Educativos, ejecutada en la provincia de Esmeraldas, como parte del Plan Intersectorial piloto, que tiene como objetivo garantizar el derecho humano a un l\u00edquido vital sano. El evento organizado por el Ministerio de Salud P\u00fablica (MSP),&hellip; <a href=\"https:\/\/www.ambienteyenergia.gob.ec\/ambiente\/mae-y-msp-presentaron-resultados-de-campana-agua-segura-y-saneamiento-ambiental-en-esmeraldas\/\">Read more &rarr;<\/a><\/p>\n","protected":false},"author":13,"featured_media":17948,"comment_status":"open","ping_status":"open","sticky":false,"template":"","format":"standard","meta":{"footnotes":""},"categories":[16,4],"tags":[],"class_list":["post-17947","post","type-post","status-publish","format-standard","has-post-thumbnail","hentry","category-comunicamos","category-noticias","xfolkentry"],"_links":{"self":[{"href":"https:\/\/www.ambienteyenergia.gob.ec\/ambiente\/wp-json\/wp\/v2\/posts\/17947","targetHints":{"allow":["GET"]}}],"collection":[{"href":"https:\/\/www.ambienteyenergia.gob.ec\/ambiente\/wp-json\/wp\/v2\/posts"}],"about":[{"href":"https:\/\/www.ambienteyenergia.gob.ec\/ambiente\/wp-json\/wp\/v2\/types\/post"}],"author":[{"embeddable":true,"href":"https:\/\/www.ambienteyenergia.gob.ec\/ambiente\/wp-json\/wp\/v2\/users\/13"}],"replies":[{"embeddable":true,"href":"https:\/\/www.ambienteyenergia.gob.ec\/ambiente\/wp-json\/wp\/v2\/comments?post=17947"}],"version-history":[{"count":0,"href":"https:\/\/www.ambienteyenergia.gob.ec\/ambiente\/wp-json\/wp\/v2\/posts\/17947\/revisions"}],"wp:featuredmedia":[{"embeddable":true,"href":"https:\/\/www.ambienteyenergia.gob.ec\/ambiente\/wp-json\/wp\/v2\/media\/17948"}],"wp:attachment":[{"href":"https:\/\/www.ambienteyenergia.gob.ec\/ambiente\/wp-json\/wp\/v2\/media?parent=17947"}],"wp:term":[{"taxonomy":"category","embeddable":true,"href":"https:\/\/www.ambienteyenergia.gob.ec\/ambiente\/wp-json\/wp\/v2\/categories?post=17947"},{"taxonomy":"post_tag","embeddable":true,"href":"https:\/\/www.ambienteyenergia.gob.ec\/ambiente\/wp-json\/wp\/v2\/tags?post=17947"}],"curies":[{"name":"wp","href":"https:\/\/api.w.org\/{rel}","templated":true}]}}