{"id":17945,"date":"2014-01-28T14:11:29","date_gmt":"2014-01-28T19:11:29","guid":{"rendered":"http:\/\/www.ambiente.gob.ec\/?p=17945"},"modified":"2014-01-28T14:11:29","modified_gmt":"2014-01-28T19:11:29","slug":"paises-de-la-cuenca-del-indo-pretenden-replicar-un-proyecto-similar-al-de-ecuador","status":"publish","type":"post","link":"https:\/\/www.ambienteyenergia.gob.ec\/ambiente\/paises-de-la-cuenca-del-indo-pretenden-replicar-un-proyecto-similar-al-de-ecuador\/","title":{"rendered":"Pa\u00edses de la cuenca del Indo, pretenden replicar un proyecto similar al de Ecuador"},"content":{"rendered":"<p style=\"text-align: justify;\">El objetivo de la visita de los acad\u00e9micos y funcionarios de\u00a0 Afganist\u00e1n, China, India y Pakist\u00e1n (pa\u00edses de la cuenca del r\u00edo Indo), es conocer la experiencia del Proyecto de Adaptaci\u00f3n al Impacto del Retroceso Acelerado de Glaciares en los Andes Tropicales (PRAA),\u00a0 pues enfrentan desaf\u00edos semejantes a los nuestros y actualmente analizan la posibilidad de desarrollar un proyecto de similares caracter\u00edsticas en sus paises.<\/p>\n<p style=\"text-align: justify;\">Como parte del <b><i>marco de Cooperaci\u00f3n Sur-Sur<\/i><\/b>, es importante el intercambio de informaci\u00f3n y experiencias entre los pa\u00edses implicados, para enriquecer conocimientos en la implementaci\u00f3n de tecnolog\u00edas de monitoreo de glaciares, creaci\u00f3n de redes regionales y medidas espec\u00edficas de adaptaci\u00f3n para mejorar el manejo de los recursos h\u00eddricos.<\/p>\n<p style=\"text-align: justify;\">Dentro de la agenda de intercambio que cumplir\u00e1 la delegaci\u00f3n de Asia hasta este jueves 30 de enero, se abordan tem\u00e1ticas como:\u00a0 cambio clim\u00e1tico en el Ecuador, importancia de los glaciares en el abastecimiento de agua para la ciudad de Quito y acciones de monitoreo de glaciares y adaptaci\u00f3n al cambio clim\u00e1tico,\u00a0 que realiza el proyecto (PRAA), liderado por el Ministerio del Ambiente del Ecuador, a trav\u00e9s de la Subsecretar\u00eda de Cambio Clim\u00e1tico.<\/p>\n<p style=\"text-align: justify;\">El dato<\/p>\n<p style=\"text-align: justify;\">Seg\u00fan datos del Banco Mundial:<\/p>\n<p style=\"text-align: justify;\">\u00abEl impacto del cambio clim\u00e1tico en la cuenca del r\u00edo Indo es de gran preocupaci\u00f3n porque sus poblaciones dependen en gran parte de la nieve y del agua del deshielo de los glaciares, los cuales contribuyen significativamente al flujo anual de agua. Sin embargo, m\u00e1s de los 18 000 glaciares que alimentan esta cuenca no han sido estudiados y han sido escasamente monitoreados. El cambio clim\u00e1tico representa un gran reto para el manejo, altamente complejo, de los recursos h\u00eddricos en la cuenca. Seg\u00fan ciertas estimaciones, se espera que el impacto combinado del cambio clim\u00e1tico y\u00a0 el crecimiento de la poblaci\u00f3n reducir\u00eda la disponibilidad per c\u00e1pita de agua renovable de 1329m3 a por debajo de 750m3 para el 2050 en las poblaciones ribere\u00f1a al R\u00edo Indo\u00bb.<\/p>\n","protected":false},"excerpt":{"rendered":"<p class=\"excerpt\">El objetivo de la visita de los acad\u00e9micos y funcionarios de\u00a0 Afganist\u00e1n, China, India y Pakist\u00e1n (pa\u00edses de la cuenca del r\u00edo Indo), es conocer la experiencia del Proyecto de Adaptaci\u00f3n al Impacto del Retroceso Acelerado de Glaciares en los Andes Tropicales (PRAA),\u00a0 pues enfrentan desaf\u00edos semejantes a los nuestros y actualmente analizan la posibilidad de desarrollar un proyecto de&hellip; <a href=\"https:\/\/www.ambienteyenergia.gob.ec\/ambiente\/paises-de-la-cuenca-del-indo-pretenden-replicar-un-proyecto-similar-al-de-ecuador\/\">Read more &rarr;<\/a><\/p>\n","protected":false},"author":13,"featured_media":17364,"comment_status":"open","ping_status":"open","sticky":false,"template":"","format":"standard","meta":{"footnotes":""},"categories":[16,4],"tags":[],"class_list":["post-17945","post","type-post","status-publish","format-standard","has-post-thumbnail","hentry","category-comunicamos","category-noticias","xfolkentry"],"_links":{"self":[{"href":"https:\/\/www.ambienteyenergia.gob.ec\/ambiente\/wp-json\/wp\/v2\/posts\/17945","targetHints":{"allow":["GET"]}}],"collection":[{"href":"https:\/\/www.ambienteyenergia.gob.ec\/ambiente\/wp-json\/wp\/v2\/posts"}],"about":[{"href":"https:\/\/www.ambienteyenergia.gob.ec\/ambiente\/wp-json\/wp\/v2\/types\/post"}],"author":[{"embeddable":true,"href":"https:\/\/www.ambienteyenergia.gob.ec\/ambiente\/wp-json\/wp\/v2\/users\/13"}],"replies":[{"embeddable":true,"href":"https:\/\/www.ambienteyenergia.gob.ec\/ambiente\/wp-json\/wp\/v2\/comments?post=17945"}],"version-history":[{"count":0,"href":"https:\/\/www.ambienteyenergia.gob.ec\/ambiente\/wp-json\/wp\/v2\/posts\/17945\/revisions"}],"wp:featuredmedia":[{"embeddable":true,"href":"https:\/\/www.ambienteyenergia.gob.ec\/ambiente\/wp-json\/wp\/v2\/media\/17364"}],"wp:attachment":[{"href":"https:\/\/www.ambienteyenergia.gob.ec\/ambiente\/wp-json\/wp\/v2\/media?parent=17945"}],"wp:term":[{"taxonomy":"category","embeddable":true,"href":"https:\/\/www.ambienteyenergia.gob.ec\/ambiente\/wp-json\/wp\/v2\/categories?post=17945"},{"taxonomy":"post_tag","embeddable":true,"href":"https:\/\/www.ambienteyenergia.gob.ec\/ambiente\/wp-json\/wp\/v2\/tags?post=17945"}],"curies":[{"name":"wp","href":"https:\/\/api.w.org\/{rel}","templated":true}]}}