{"id":17935,"date":"2014-01-28T09:57:55","date_gmt":"2014-01-28T14:57:55","guid":{"rendered":"http:\/\/www.ambiente.gob.ec\/?p=17935"},"modified":"2014-01-28T10:00:27","modified_gmt":"2014-01-28T15:00:27","slug":"i-reunion-de-la-comision-de-la-organizacion-regional-de-ordenacion-pesquera-de-pacifico-sur","status":"publish","type":"post","link":"https:\/\/www.ambienteyenergia.gob.ec\/ambiente\/i-reunion-de-la-comision-de-la-organizacion-regional-de-ordenacion-pesquera-de-pacifico-sur\/","title":{"rendered":"II Reuni\u00f3n de la Comisi\u00f3n de la Organizaci\u00f3n Regional de Ordenaci\u00f3n Pesquera de Pac\u00edfico Sur"},"content":{"rendered":"<p style=\"text-align: justify;\">La Segunda Reuni\u00f3n de la Comisi\u00f3n de la Organizaci\u00f3n Regional de Ordenaci\u00f3n Pesquera del Pac\u00edfico Sur (SPRFMO por sus siglas en ingl\u00e9s), se realiza en Manta desde el 27 al 31 de enero, con el fin de salvaguardar los ecosistemas marinos, a trav\u00e9s del desarrollo sostenible de la cadena productiva en el Ecuador y en la Regi\u00f3n.<\/p>\n<p style=\"text-align: justify;\">La SPRFMO es una entidad intergubernamental, comprometida con la conservaci\u00f3n y el uso sostenible de los recursos pesqueros del Oc\u00e9ano Pac\u00edfico Sur.<\/p>\n<p style=\"text-align: justify;\">En la primera reuni\u00f3n realizada en Nueva Zelanda, en el contexto de la seguridad alimentaria, Ecuador particip\u00f3 en el manejo de informaci\u00f3n, de la pesca del pez Jurel y otras especies. A la concentraci\u00f3n asisti\u00f3 la abogada Daisy C\u00e1rdenas, Subsecretaria de Gesti\u00f3n Marina y Costera del Ministerio del Ambiente (MAE), asimismo cooperantes, observadores, organizaciones ambientales a nivel mundial y organizaciones pesqueras.<\/p>\n<p style=\"text-align: justify;\">Entre los temas a abordarse en la semana constan: El desarrollo de un plan de monitoreo de barcos; Un registro de los buques autorizados a pesca; Medidas de conservaci\u00f3n y gesti\u00f3n, etc.<\/p>\n<p style=\"text-align: justify;\">El encuentro servir\u00e1 para reafirmar, los compromisos obtenidos sobre el manejo responsable de las pesquer\u00edas de altamar, especialmente del pez jurel y el calamar gigante del Pac\u00edfico Sur. Ecuador trabaja en la aplicaci\u00f3n de medidas de conservaci\u00f3n y gesti\u00f3n pesquera. Para el MAE y el pa\u00eds es importante la cooperaci\u00f3n e integraci\u00f3n regional al uso sostenible de los recursos en el marco del Buen Vivir.<\/p>\n","protected":false},"excerpt":{"rendered":"<p class=\"excerpt\">La Segunda Reuni\u00f3n de la Comisi\u00f3n de la Organizaci\u00f3n Regional de Ordenaci\u00f3n Pesquera del Pac\u00edfico Sur (SPRFMO por sus siglas en ingl\u00e9s), se realiza en Manta desde el 27 al 31 de enero, con el fin de salvaguardar los ecosistemas marinos, a trav\u00e9s del desarrollo sostenible de la cadena productiva en el Ecuador y en la Regi\u00f3n. La SPRFMO es&hellip; <a href=\"https:\/\/www.ambienteyenergia.gob.ec\/ambiente\/i-reunion-de-la-comision-de-la-organizacion-regional-de-ordenacion-pesquera-de-pacifico-sur\/\">Read more &rarr;<\/a><\/p>\n","protected":false},"author":13,"featured_media":17936,"comment_status":"open","ping_status":"open","sticky":false,"template":"","format":"standard","meta":{"footnotes":""},"categories":[16,4],"tags":[],"class_list":["post-17935","post","type-post","status-publish","format-standard","has-post-thumbnail","hentry","category-comunicamos","category-noticias","xfolkentry"],"_links":{"self":[{"href":"https:\/\/www.ambienteyenergia.gob.ec\/ambiente\/wp-json\/wp\/v2\/posts\/17935","targetHints":{"allow":["GET"]}}],"collection":[{"href":"https:\/\/www.ambienteyenergia.gob.ec\/ambiente\/wp-json\/wp\/v2\/posts"}],"about":[{"href":"https:\/\/www.ambienteyenergia.gob.ec\/ambiente\/wp-json\/wp\/v2\/types\/post"}],"author":[{"embeddable":true,"href":"https:\/\/www.ambienteyenergia.gob.ec\/ambiente\/wp-json\/wp\/v2\/users\/13"}],"replies":[{"embeddable":true,"href":"https:\/\/www.ambienteyenergia.gob.ec\/ambiente\/wp-json\/wp\/v2\/comments?post=17935"}],"version-history":[{"count":0,"href":"https:\/\/www.ambienteyenergia.gob.ec\/ambiente\/wp-json\/wp\/v2\/posts\/17935\/revisions"}],"wp:featuredmedia":[{"embeddable":true,"href":"https:\/\/www.ambienteyenergia.gob.ec\/ambiente\/wp-json\/wp\/v2\/media\/17936"}],"wp:attachment":[{"href":"https:\/\/www.ambienteyenergia.gob.ec\/ambiente\/wp-json\/wp\/v2\/media?parent=17935"}],"wp:term":[{"taxonomy":"category","embeddable":true,"href":"https:\/\/www.ambienteyenergia.gob.ec\/ambiente\/wp-json\/wp\/v2\/categories?post=17935"},{"taxonomy":"post_tag","embeddable":true,"href":"https:\/\/www.ambienteyenergia.gob.ec\/ambiente\/wp-json\/wp\/v2\/tags?post=17935"}],"curies":[{"name":"wp","href":"https:\/\/api.w.org\/{rel}","templated":true}]}}