{"id":17926,"date":"2014-01-27T16:10:46","date_gmt":"2014-01-27T21:10:46","guid":{"rendered":"http:\/\/www.ambiente.gob.ec\/?p=17926"},"modified":"2014-01-27T16:56:57","modified_gmt":"2014-01-27T21:56:57","slug":"mae-comunica-avances-en-la-obra-de-remodelacion-del-refugio-ruales-oleas-berge-en-el-parque-nacional-cayambe-coca","status":"publish","type":"post","link":"https:\/\/www.ambienteyenergia.gob.ec\/ambiente\/mae-comunica-avances-en-la-obra-de-remodelacion-del-refugio-ruales-oleas-berge-en-el-parque-nacional-cayambe-coca\/","title":{"rendered":"MAE comunica avances en la obra de remodelaci\u00f3n del Refugio R\u00faales Oleas Berge en el Parque Nacional Cayambe \u2013 Coca"},"content":{"rendered":"<p style=\"text-align: justify;\">El Ministerio del Ambiente de Ecuador (MAE) a trav\u00e9s de los Proyectos de Sostenibilidad Financiera (PSF) de \u00c1reas Protegidas del SNAP en coordinaci\u00f3n t\u00e9cnica con el de Delimitaci\u00f3n de Infraestructura del PANE, a partir de\u00a0 noviembre de 2013, est\u00e1n ejecutando la obra para los \u201cAcabados Internos en el Refugio R\u00faales, Oleas, Berge en el Parque Nacional Cayambe \u2013 Coca\u201d.<\/p>\n<p style=\"text-align: justify;\">Este trabajo que ha sido planificado para 100 d\u00edas, se encuentra en el segundo mes de intervenci\u00f3n y cuenta con un avance del 70%.<\/p>\n<p style=\"text-align: justify;\">Mientras dure la intervenci\u00f3n en el interior del refugio, estas instalaciones se encuentran transitoriamente cerradas, las personas que visiten el nevado Cayambe, tienen la opci\u00f3n de alojarse en el Refugio temporal (ubicado en la parte baja), previa coordinaci\u00f3n con el administrador del Club de Andinismo del Colegio San Gabriel.<\/p>\n<p style=\"text-align: justify;\">La obra se la realiza con el prop\u00f3sito de ofrecer instalaciones m\u00e1s c\u00f3modas y de alto nivel para sus visitantes. De esta forma, el PSF busca aportar con mecanismos pr\u00e1cticos para diversificar los ingresos en las \u00c1reas Protegidas y frenar los costos de mantenimiento, promoviendo asociaciones entre el Estado, las comunidades locales y los empresarios.<\/p>\n<p style=\"text-align: justify;\"><a href=\"http:\/\/www.ambienteyenergia.gob.ec\/ambiente\/wp-content\/uploads\/2014\/01\/foto-1.jpg\"><img loading=\"lazy\" decoding=\"async\" class=\"aligncenter size-full wp-image-17929\" alt=\"OLYMPUS DIGITAL CAMERA\" src=\"http:\/\/www.ambienteyenergia.gob.ec\/ambiente\/wp-content\/uploads\/2014\/01\/foto-1.jpg\" width=\"600\" height=\"543\" srcset=\"https:\/\/www.ambienteyenergia.gob.ec\/ambiente\/wp-content\/uploads\/sites\/2\/2014\/01\/foto-1.jpg 600w, https:\/\/www.ambienteyenergia.gob.ec\/ambiente\/wp-content\/uploads\/sites\/2\/2014\/01\/foto-1-300x271.jpg 300w, https:\/\/www.ambienteyenergia.gob.ec\/ambiente\/wp-content\/uploads\/sites\/2\/2014\/01\/foto-1-331x300.jpg 331w\" sizes=\"auto, (max-width: 600px) 100vw, 600px\" \/><\/a><\/p>\n","protected":false},"excerpt":{"rendered":"<p class=\"excerpt\">El Ministerio del Ambiente de Ecuador (MAE) a trav\u00e9s de los Proyectos de Sostenibilidad Financiera (PSF) de \u00c1reas Protegidas del SNAP en coordinaci\u00f3n t\u00e9cnica con el de Delimitaci\u00f3n de Infraestructura del PANE, a partir de\u00a0 noviembre de 2013, est\u00e1n ejecutando la obra para los \u201cAcabados Internos en el Refugio R\u00faales, Oleas, Berge en el Parque Nacional Cayambe \u2013 Coca\u201d. Este&hellip; <a href=\"https:\/\/www.ambienteyenergia.gob.ec\/ambiente\/mae-comunica-avances-en-la-obra-de-remodelacion-del-refugio-ruales-oleas-berge-en-el-parque-nacional-cayambe-coca\/\">Read more &rarr;<\/a><\/p>\n","protected":false},"author":13,"featured_media":17932,"comment_status":"open","ping_status":"open","sticky":false,"template":"","format":"standard","meta":{"footnotes":""},"categories":[16,4],"tags":[],"class_list":["post-17926","post","type-post","status-publish","format-standard","has-post-thumbnail","hentry","category-comunicamos","category-noticias","xfolkentry"],"_links":{"self":[{"href":"https:\/\/www.ambienteyenergia.gob.ec\/ambiente\/wp-json\/wp\/v2\/posts\/17926","targetHints":{"allow":["GET"]}}],"collection":[{"href":"https:\/\/www.ambienteyenergia.gob.ec\/ambiente\/wp-json\/wp\/v2\/posts"}],"about":[{"href":"https:\/\/www.ambienteyenergia.gob.ec\/ambiente\/wp-json\/wp\/v2\/types\/post"}],"author":[{"embeddable":true,"href":"https:\/\/www.ambienteyenergia.gob.ec\/ambiente\/wp-json\/wp\/v2\/users\/13"}],"replies":[{"embeddable":true,"href":"https:\/\/www.ambienteyenergia.gob.ec\/ambiente\/wp-json\/wp\/v2\/comments?post=17926"}],"version-history":[{"count":0,"href":"https:\/\/www.ambienteyenergia.gob.ec\/ambiente\/wp-json\/wp\/v2\/posts\/17926\/revisions"}],"wp:featuredmedia":[{"embeddable":true,"href":"https:\/\/www.ambienteyenergia.gob.ec\/ambiente\/wp-json\/wp\/v2\/media\/17932"}],"wp:attachment":[{"href":"https:\/\/www.ambienteyenergia.gob.ec\/ambiente\/wp-json\/wp\/v2\/media?parent=17926"}],"wp:term":[{"taxonomy":"category","embeddable":true,"href":"https:\/\/www.ambienteyenergia.gob.ec\/ambiente\/wp-json\/wp\/v2\/categories?post=17926"},{"taxonomy":"post_tag","embeddable":true,"href":"https:\/\/www.ambienteyenergia.gob.ec\/ambiente\/wp-json\/wp\/v2\/tags?post=17926"}],"curies":[{"name":"wp","href":"https:\/\/api.w.org\/{rel}","templated":true}]}}