{"id":17921,"date":"2014-01-27T12:41:36","date_gmt":"2014-01-27T17:41:36","guid":{"rendered":"http:\/\/www.ambiente.gob.ec\/?p=17921"},"modified":"2014-01-27T12:41:36","modified_gmt":"2014-01-27T17:41:36","slug":"lanzamiento-de-la-campana-de-reciclaje-cuaderno-reciclado-arbol-no-cortado","status":"publish","type":"post","link":"https:\/\/www.ambienteyenergia.gob.ec\/ambiente\/lanzamiento-de-la-campana-de-reciclaje-cuaderno-reciclado-arbol-no-cortado\/","title":{"rendered":"Lanzamiento de la campa\u00f1a de reciclaje \u201cCuaderno Reciclado, \u00c1rbol no Cortado\u201d"},"content":{"rendered":"<p style=\"text-align: justify;\">El Ministerio del Ambiente del Ecuador (MAE), el Proyecto de Educaci\u00f3n Ambiental Ciudadana \u201cSomos parte de la Soluci\u00f3n\u201d, conjuntamente con escuelas p\u00fablicas y privadas del Distrito Metropolitano de Quito pertenecientes a la Red Guardianes del Planeta (RGP), se reunieron hoy en el sur de la capital, en el Coliseo de la Unidad Educativa Quitumbe, para contribuir a la conservaci\u00f3n ambiental a trav\u00e9s, de la apertura de actividades l\u00fadicas &#8211; pedag\u00f3gicas aplicadas en ni\u00f1os y ni\u00f1as de Educaci\u00f3n General B\u00e1sica (EGB).<\/p>\n<p style=\"text-align: justify;\">Alusivo al d\u00eda de la educaci\u00f3n ambiental, se desarroll\u00f3 la campa\u00f1a \u201cCuaderno Reciclado, \u00c1rbol no Cortado\u201d que refuerza de forma pr\u00e1ctica las actividades realizadas en RGP. Esta campa\u00f1a se origin\u00f3 en el Distrito Metropolitano de Quito y luego se extender\u00e1 a nivel nacional.<\/p>\n<p style=\"text-align: justify;\">\u201cUstedes son nuestros guardianes del planeta, nada de lo que hacemos como autoridades tendr\u00e1 los resultados esperados si no son parte de esta gran misi\u00f3n en la que trabajamos y en la cual invito a creer, con absoluta fe y esperanza.\u201d asever\u00f3 Lorena Tapia, Ministra del Ambiente.<\/p>\n<p style=\"text-align: justify;\">La recolecci\u00f3n de cuadernos busca crear una cultura de prevenci\u00f3n, as\u00ed como fomentar la responsabilidad que cada individuo tiene en la gesti\u00f3n ambiental permitiendo la reducci\u00f3n de tala de \u00e1rboles.<\/p>\n<p style=\"text-align: justify;\">Una vez que se realice la campa\u00f1a de recolecci\u00f3n de cuadernos, en cada una de las Instituciones pertenecientes a la Red Guardianes del Planeta, el MAE mediante un acuerdo con el Gestor Ambiental RECICLAR proceder\u00e1 a retirarlos, para luego ser transformados en materia prima evitando de esta manera, la utilizaci\u00f3n de recursos naturales nuevos.<\/p>\n<p style=\"text-align: justify;\">El Ministerio del Ambiente del Ecuador, reconoce el compromiso de las escuelas y colegios del Distrito Metropolitano de Quito, por promover buenas pr\u00e1cticas ambientales dentro de sus instituciones y seguir sumando esfuerzos para el mejoramiento de la calidad de vida de los ecuatorianos, a trav\u00e9s de la conservaci\u00f3n de los recursos naturales. En una sociedad el Buen Vivir se construye desde las iniciativas de valoraci\u00f3n de los recursos naturales, por ello son necesarias actividades que vayan encaminadas a mejorar la calidad de vida de los pueblos.<\/p>\n<p style=\"text-align: justify;\">Los resultados esperados en esta campa\u00f1a son:<\/p>\n<ul>\n<li style=\"text-align: justify;\">7560 beneficiarios directos<\/li>\n<li style=\"text-align: justify;\">24 establecimientos educativos participantes (Quito)<\/li>\n<li style=\"text-align: justify;\">15 toneladas de cuadernos recolectados<\/li>\n<li style=\"text-align: justify;\">270 \u00e1rboles no cortados aproximadamente.<\/li>\n<\/ul>\n<div id='gallery-1' class='gallery galleryid-17921 gallery-columns-3 gallery-size-thumbnail'><dl class='gallery-item'>\n\t\t\t<dt class='gallery-icon landscape'>\n\t\t\t\t<a href='https:\/\/www.ambienteyenergia.gob.ec\/ambiente\/lanzamiento-de-la-campana-de-reciclaje-cuaderno-reciclado-arbol-no-cortado\/1-70\/'><img loading=\"lazy\" decoding=\"async\" width=\"150\" height=\"150\" src=\"https:\/\/www.ambienteyenergia.gob.ec\/ambiente\/wp-content\/uploads\/sites\/2\/2014\/01\/12-150x150.jpg\" class=\"attachment-thumbnail size-thumbnail\" alt=\"\" \/><\/a>\n\t\t\t<\/dt><\/dl><dl class='gallery-item'>\n\t\t\t<dt class='gallery-icon landscape'>\n\t\t\t\t<a href='https:\/\/www.ambienteyenergia.gob.ec\/ambiente\/lanzamiento-de-la-campana-de-reciclaje-cuaderno-reciclado-arbol-no-cortado\/2-51\/'><img loading=\"lazy\" decoding=\"async\" width=\"150\" height=\"150\" src=\"https:\/\/www.ambienteyenergia.gob.ec\/ambiente\/wp-content\/uploads\/sites\/2\/2014\/01\/21-150x150.jpg\" class=\"attachment-thumbnail size-thumbnail\" alt=\"\" \/><\/a>\n\t\t\t<\/dt><\/dl>\n\t\t\t<br style='clear: both' \/>\n\t\t<\/div>\n\n","protected":false},"excerpt":{"rendered":"<p class=\"excerpt\">El Ministerio del Ambiente del Ecuador (MAE), el Proyecto de Educaci\u00f3n Ambiental Ciudadana \u201cSomos parte de la Soluci\u00f3n\u201d, conjuntamente con escuelas p\u00fablicas y privadas del Distrito Metropolitano de Quito pertenecientes a la Red Guardianes del Planeta (RGP), se reunieron hoy en el sur de la capital, en el Coliseo de la Unidad Educativa Quitumbe, para contribuir a la conservaci\u00f3n ambiental&hellip; <a href=\"https:\/\/www.ambienteyenergia.gob.ec\/ambiente\/lanzamiento-de-la-campana-de-reciclaje-cuaderno-reciclado-arbol-no-cortado\/\">Read more &rarr;<\/a><\/p>\n","protected":false},"author":13,"featured_media":17924,"comment_status":"open","ping_status":"open","sticky":false,"template":"","format":"standard","meta":{"footnotes":""},"categories":[16,4],"tags":[],"class_list":["post-17921","post","type-post","status-publish","format-standard","has-post-thumbnail","hentry","category-comunicamos","category-noticias","xfolkentry"],"_links":{"self":[{"href":"https:\/\/www.ambienteyenergia.gob.ec\/ambiente\/wp-json\/wp\/v2\/posts\/17921","targetHints":{"allow":["GET"]}}],"collection":[{"href":"https:\/\/www.ambienteyenergia.gob.ec\/ambiente\/wp-json\/wp\/v2\/posts"}],"about":[{"href":"https:\/\/www.ambienteyenergia.gob.ec\/ambiente\/wp-json\/wp\/v2\/types\/post"}],"author":[{"embeddable":true,"href":"https:\/\/www.ambienteyenergia.gob.ec\/ambiente\/wp-json\/wp\/v2\/users\/13"}],"replies":[{"embeddable":true,"href":"https:\/\/www.ambienteyenergia.gob.ec\/ambiente\/wp-json\/wp\/v2\/comments?post=17921"}],"version-history":[{"count":0,"href":"https:\/\/www.ambienteyenergia.gob.ec\/ambiente\/wp-json\/wp\/v2\/posts\/17921\/revisions"}],"wp:featuredmedia":[{"embeddable":true,"href":"https:\/\/www.ambienteyenergia.gob.ec\/ambiente\/wp-json\/wp\/v2\/media\/17924"}],"wp:attachment":[{"href":"https:\/\/www.ambienteyenergia.gob.ec\/ambiente\/wp-json\/wp\/v2\/media?parent=17921"}],"wp:term":[{"taxonomy":"category","embeddable":true,"href":"https:\/\/www.ambienteyenergia.gob.ec\/ambiente\/wp-json\/wp\/v2\/categories?post=17921"},{"taxonomy":"post_tag","embeddable":true,"href":"https:\/\/www.ambienteyenergia.gob.ec\/ambiente\/wp-json\/wp\/v2\/tags?post=17921"}],"curies":[{"name":"wp","href":"https:\/\/api.w.org\/{rel}","templated":true}]}}