{"id":17916,"date":"2014-01-24T16:43:27","date_gmt":"2014-01-24T21:43:27","guid":{"rendered":"http:\/\/www.ambiente.gob.ec\/?p=17916"},"modified":"2014-01-24T16:43:27","modified_gmt":"2014-01-24T21:43:27","slug":"ecuador-compartira-experiencias-de-adaptacion-cambio-climatico-en-la-region-andina-con-paises-del-asia","status":"publish","type":"post","link":"https:\/\/www.ambienteyenergia.gob.ec\/ambiente\/ecuador-compartira-experiencias-de-adaptacion-cambio-climatico-en-la-region-andina-con-paises-del-asia\/","title":{"rendered":"Ecuador compartir\u00e1 experiencias de adaptaci\u00f3n cambio clim\u00e1tico en la regi\u00f3n andina, con pa\u00edses del Asia"},"content":{"rendered":"<p style=\"text-align: justify;\">Con el prop\u00f3sito de compartir experiencias nacionales y de la regi\u00f3n andina, relativas a los procesos de monitoreo de la din\u00e1mica de glaciares y p\u00e1ramos frente a los cambios del clima, y a las acciones de respuesta que se implementan para mejorar la resiliencia de ecosistemas alto andinos y sistemas de abastecimiento de agua potable, delegados t\u00e9cnicos de varios pa\u00edses del Asia visitar\u00e1n nuestro pa\u00eds.<\/p>\n<p style=\"text-align: justify;\">Durante los \u00faltimos cinco a\u00f1os, el Ministerio del Ambiente del Ecuador (MAE), a trav\u00e9s de la Subsecretar\u00eda de Cambio Clim\u00e1tico, con el apoyo del Banco Mundial y la administraci\u00f3n de la Secretar\u00eda General de la Comunidad Andina de Naciones (SGCAN), implementaron el Proyecto Regional Andino de Adaptaci\u00f3n al Cambio Clim\u00e1tico \/ Adaptaci\u00f3n al Impacto del Retroceso Acelerado de Glaciares en los Andes Tropicales (PRAA), cuya ejecuci\u00f3n se encuentra en su fase final.Esta es una iniciativa regional en la cual tambi\u00e9n participa Per\u00fa, Bolivia y Colombia en actividades espec\u00edficas.<\/p>\n<p style=\"text-align: justify;\">Las naciones ribere\u00f1as del r\u00edo Indo (IRB), al igual que los pa\u00edses andinos, dependen de los sistemas de recursos h\u00eddricos provenientes de glaciares (que tienen su origen en la Cordillera del Himalaya) para su desarrollo econ\u00f3mico. Debido a esto, el MAE y el Banco Mundial, consideran oportuno compartir los resultados y experiencias con los pa\u00edses del IRB, en un contexto de Cooperaci\u00f3n Sur-Sur entre pa\u00edses que enfrentan problemas similares.<\/p>\n<p style=\"text-align: justify;\">El viaje de estudio se realizar\u00e1 en Quito del 27 al\u00a030 enero\u00a0de 2014 e incluir\u00e1 una salida de campo a la zona del Antisana, donde el PRAA contribuy\u00f3 con el incremento y mejora de las redes regional y nacional andinas de monitoreo de glaciares, p\u00e1ramos y clima. En esta iniciativa participan instituciones nacionales (MAE, INAMHI, EPMAPS), otros socios estrat\u00e9gicos del PRAA en el pa\u00eds (como el Instituto de Investigaci\u00f3n para el Desarrollo \u2013 IRD y el Fondo para la Protecci\u00f3n del Agua &#8211; FONAG), y tiene como finalidad ilustrar, de manera espec\u00edfica, el trabajo que se ha venido realizando a trav\u00e9s del PRAA tanto en Ecuador como en Bolivia y en Per\u00fa.<\/p>\n<p style=\"text-align: justify;\"><b>El PRAA<\/b><\/p>\n<p style=\"text-align: justify;\">Es un proyecto regional que se desarrolla en Bolivia, Ecuador, Per\u00fa y Colombia, con el objetivo de contribuir al fortalecimiento de la resiliencia de los ecosistemas y econom\u00edas locales ante los impactos del retroceso glaciar en los Andes Tropicales,\u00a0a\u00a0trav\u00e9s de la implementaci\u00f3n de actividades piloto que muestren los costos y beneficios de la adaptaci\u00f3n al cambio clim\u00e1tico. El proyecto adicionalmente desarrolla acciones orientadas al fortalecimiento de conocimientos y capacidades nacionales, relacionadas con el dise\u00f1o y la ejecuci\u00f3n de programas de monitoreo de glaciares y p\u00e1ramos, que generen suficientes insumos para la toma de decisiones.<\/p>\n<p style=\"text-align: justify;\">Se realizar\u00e1 una visita de campo con la delegaci\u00f3n visitante el d\u00eda mi\u00e9rcoles para recorrer las parcelas piloto de restauraci\u00f3n de p\u00e1ramos y humedales y algunas de las estaciones de monitoreo hidrol\u00f3gico y meteorol\u00f3gico, ubicadas en las Haciendas Antisana y Contadero, en la zona del Antisana.<\/p>\n<p style=\"text-align: justify;\">Esta actividad es abierta para que los representantes de los medios de comunicaci\u00f3n nos acompa\u00f1en y conozcan de una manera pr\u00e1ctica y vivencial los resultados de este proyecto. \u00a0En los pr\u00f3ximos d\u00edas les enviaremos m\u00e1s informaci\u00f3n sobre esta actividad para inscribirse.<\/p>\n","protected":false},"excerpt":{"rendered":"<p class=\"excerpt\">Con el prop\u00f3sito de compartir experiencias nacionales y de la regi\u00f3n andina, relativas a los procesos de monitoreo de la din\u00e1mica de glaciares y p\u00e1ramos frente a los cambios del clima, y a las acciones de respuesta que se implementan para mejorar la resiliencia de ecosistemas alto andinos y sistemas de abastecimiento de agua potable, delegados t\u00e9cnicos de varios pa\u00edses&hellip; <a href=\"https:\/\/www.ambienteyenergia.gob.ec\/ambiente\/ecuador-compartira-experiencias-de-adaptacion-cambio-climatico-en-la-region-andina-con-paises-del-asia\/\">Read more &rarr;<\/a><\/p>\n","protected":false},"author":13,"featured_media":17917,"comment_status":"open","ping_status":"open","sticky":false,"template":"","format":"standard","meta":{"footnotes":""},"categories":[16,4],"tags":[],"class_list":["post-17916","post","type-post","status-publish","format-standard","has-post-thumbnail","hentry","category-comunicamos","category-noticias","xfolkentry"],"_links":{"self":[{"href":"https:\/\/www.ambienteyenergia.gob.ec\/ambiente\/wp-json\/wp\/v2\/posts\/17916","targetHints":{"allow":["GET"]}}],"collection":[{"href":"https:\/\/www.ambienteyenergia.gob.ec\/ambiente\/wp-json\/wp\/v2\/posts"}],"about":[{"href":"https:\/\/www.ambienteyenergia.gob.ec\/ambiente\/wp-json\/wp\/v2\/types\/post"}],"author":[{"embeddable":true,"href":"https:\/\/www.ambienteyenergia.gob.ec\/ambiente\/wp-json\/wp\/v2\/users\/13"}],"replies":[{"embeddable":true,"href":"https:\/\/www.ambienteyenergia.gob.ec\/ambiente\/wp-json\/wp\/v2\/comments?post=17916"}],"version-history":[{"count":0,"href":"https:\/\/www.ambienteyenergia.gob.ec\/ambiente\/wp-json\/wp\/v2\/posts\/17916\/revisions"}],"wp:featuredmedia":[{"embeddable":true,"href":"https:\/\/www.ambienteyenergia.gob.ec\/ambiente\/wp-json\/wp\/v2\/media\/17917"}],"wp:attachment":[{"href":"https:\/\/www.ambienteyenergia.gob.ec\/ambiente\/wp-json\/wp\/v2\/media?parent=17916"}],"wp:term":[{"taxonomy":"category","embeddable":true,"href":"https:\/\/www.ambienteyenergia.gob.ec\/ambiente\/wp-json\/wp\/v2\/categories?post=17916"},{"taxonomy":"post_tag","embeddable":true,"href":"https:\/\/www.ambienteyenergia.gob.ec\/ambiente\/wp-json\/wp\/v2\/tags?post=17916"}],"curies":[{"name":"wp","href":"https:\/\/api.w.org\/{rel}","templated":true}]}}