{"id":17904,"date":"2014-01-24T13:54:07","date_gmt":"2014-01-24T18:54:07","guid":{"rendered":"http:\/\/www.ambiente.gob.ec\/?p=17904"},"modified":"2014-06-16T11:02:01","modified_gmt":"2014-06-16T16:02:01","slug":"turismo-sostenible-una-realidad-en-isla-santay","status":"publish","type":"post","link":"https:\/\/www.ambienteyenergia.gob.ec\/ambiente\/turismo-sostenible-una-realidad-en-isla-santay\/","title":{"rendered":"Turismo sostenible, una realidad en Isla Santay"},"content":{"rendered":"<p style=\"text-align: justify;\">El \u00c1rea Nacional de Recreaci\u00f3n Isla Santay, ubicada a 800 metros de Guayaquil y considerada el pulm\u00f3n de la ciudad, se ha convertido en un importante sitio tur\u00edstico, gracias a la diversidad de especies de flora y fauna que posee y a la organizaci\u00f3n de la comunidad, quienes a partir del apoyo brindado por el Gobierno Nacional y el Ministerio del Ambiente (MAE), trabajan principalmente en turismo sostenible.<\/p>\n<p style=\"text-align: justify;\">Antes, la Isla era un espacio desordenado y olvidado por las autoridades, las casas eran de ca\u00f1a y se encontraban alejadas unas de otras. En invierno las necesidades y los problemas de la comunidad aumentaban, pues el lodo incrementaba, de tal forma, que f\u00e1cilmente pod\u00eda llegar a la altura de la cintura, afectando la salud de los habitantes.<\/p>\n<p style=\"text-align: justify;\">\u201cAntes hab\u00eda mucho lodo y mosquitos, viv\u00edamos en casas de ca\u00f1a y separados unos de los otros. Ni siquiera ten\u00edamos todos los servicios b\u00e1sicos, pero ahora es diferente, nuestras vidas, las de nuestros hijos y nietos cambiaron\u201d, explica Elsa Rodr\u00edguez Zambrano, Presidenta de la Comunidad Gu\u00eda Nativa y habitante de Isla Santay, desde hace 50 a\u00f1os.<\/p>\n<p style=\"text-align: justify;\">Ahora, \u00e9sta \u00e1rea natural luce diferente. La isla con una extensi\u00f3n de 2 174 hect\u00e1reas, alberga a alrededor de 245 personas, que fueron beneficiadas con la construcci\u00f3n de la Ecoaldea (que est\u00e1 conformada por 56 viviendas ecol\u00f3gicas), una escuela,\u00a0 la casa comunal y el muelle, entre otras.<\/p>\n<p style=\"text-align: justify;\">Actualmente, se construyen m\u00e1s obras de infraestructura, entre las que destacan un punto m\u00e9dico, una caba\u00f1a de guardaparques, una bodega de reciclaje, tres caba\u00f1as de hospedaje y un restaurante. Asimismo, el MAE est\u00e1 preparando un terreno amplio para la conformaci\u00f3n de la nueva cocodrilera, que ser\u00e1 el hogar de los 11 cocodrilos que existen en la isla y que en este momento, se encuentran en un espacio muy reducido y no adecuado para su mantenimiento y cautiverio.<\/p>\n<p style=\"text-align: justify;\">\u201cEste lugar es el propicio para el desarrollo de los animales, se est\u00e1 cuidando mucho el aspecto paisaj\u00edstico, de tal manera que cuando los turistas visiten Santay no sientan que los animales est\u00e1n encerrados, sino que vean un panorama totalmente natural. La cocodrilera est\u00e1 dividida en tres espacios el corral para hembras, el corral para machos y una laguna que va a tener un peque\u00f1o islote, con el fin de incrementar el valor tur\u00edstico del sendero\u201d, aseguro Juan Ch\u00e1vez, Gerente del Proyecto de Administraci\u00f3n F\u00edsica y Desarrollo del Turismo Sostenible en el Patrimonio Natural del Estado.<\/p>\n<p style=\"text-align: justify;\">Con la infraestructura adecuada, las familias viven dignamente y en armon\u00eda con la naturaleza, realizando actividades tur\u00edsticas y brindando diferentes servicios a los visitantes, a trav\u00e9s de la Cooperativa de servicios Las Palmeras de Santay, la que conformaron como una fuente de sustento.<\/p>\n<p style=\"text-align: justify;\">Para ello, el MAE capacit\u00f3 a la gente en temas de turismo comunitario, con el fin de que aprovechen los recursos de la Isla de una forma sustentable. \u201cLa Isla ha avanzado mucho. Yo vivo de la pesca, pero la gente en su mayor\u00eda vive del turismo. Aqu\u00ed hay gu\u00edas, marineros para los botes y se ha incentivado al turismo\u201d, asegur\u00f3 Isidro Dom\u00ednguez.<\/p>\n<p style=\"text-align: justify;\">A partir de la implementaci\u00f3n y mejora en la infraestructura del lugar, el \u00e1rea protegida -reconocida como un humedal de importancia internacional, identificado as\u00ed por la convenci\u00f3n RAMSA-\u00a0 acoge a cerca de 5 000 turistas al mes.<\/p>\n<p style=\"text-align: justify;\"><a href=\"http:\/\/www.ambienteyenergia.gob.ec\/ambiente\/wp-content\/uploads\/2014\/01\/IMG_0077.jpg\"><img loading=\"lazy\" decoding=\"async\" class=\"aligncenter size-full wp-image-17913\" alt=\"Turismo sostenible, una realidad en Isla Santay\" src=\"http:\/\/www.ambienteyenergia.gob.ec\/ambiente\/wp-content\/uploads\/2014\/01\/IMG_0077.jpg\" width=\"650\" height=\"433\" srcset=\"https:\/\/www.ambienteyenergia.gob.ec\/ambiente\/wp-content\/uploads\/sites\/2\/2014\/01\/IMG_0077.jpg 650w, https:\/\/www.ambienteyenergia.gob.ec\/ambiente\/wp-content\/uploads\/sites\/2\/2014\/01\/IMG_0077-300x199.jpg 300w, https:\/\/www.ambienteyenergia.gob.ec\/ambiente\/wp-content\/uploads\/sites\/2\/2014\/01\/IMG_0077-450x300.jpg 450w\" sizes=\"auto, (max-width: 650px) 100vw, 650px\" \/><\/a><\/p>\n","protected":false},"excerpt":{"rendered":"<p class=\"excerpt\">El \u00c1rea Nacional de Recreaci\u00f3n Isla Santay, ubicada a 800 metros de Guayaquil y considerada el pulm\u00f3n de la ciudad, se ha convertido en un importante sitio tur\u00edstico, gracias a la diversidad de especies de flora y fauna que posee y a la organizaci\u00f3n de la comunidad, quienes a partir del apoyo brindado por el Gobierno Nacional y el Ministerio&hellip; <a href=\"https:\/\/www.ambienteyenergia.gob.ec\/ambiente\/turismo-sostenible-una-realidad-en-isla-santay\/\">Read more &rarr;<\/a><\/p>\n","protected":false},"author":13,"featured_media":17912,"comment_status":"open","ping_status":"open","sticky":false,"template":"","format":"standard","meta":{"footnotes":""},"categories":[16,4],"tags":[],"class_list":["post-17904","post","type-post","status-publish","format-standard","has-post-thumbnail","hentry","category-comunicamos","category-noticias","xfolkentry"],"_links":{"self":[{"href":"https:\/\/www.ambienteyenergia.gob.ec\/ambiente\/wp-json\/wp\/v2\/posts\/17904","targetHints":{"allow":["GET"]}}],"collection":[{"href":"https:\/\/www.ambienteyenergia.gob.ec\/ambiente\/wp-json\/wp\/v2\/posts"}],"about":[{"href":"https:\/\/www.ambienteyenergia.gob.ec\/ambiente\/wp-json\/wp\/v2\/types\/post"}],"author":[{"embeddable":true,"href":"https:\/\/www.ambienteyenergia.gob.ec\/ambiente\/wp-json\/wp\/v2\/users\/13"}],"replies":[{"embeddable":true,"href":"https:\/\/www.ambienteyenergia.gob.ec\/ambiente\/wp-json\/wp\/v2\/comments?post=17904"}],"version-history":[{"count":0,"href":"https:\/\/www.ambienteyenergia.gob.ec\/ambiente\/wp-json\/wp\/v2\/posts\/17904\/revisions"}],"wp:featuredmedia":[{"embeddable":true,"href":"https:\/\/www.ambienteyenergia.gob.ec\/ambiente\/wp-json\/wp\/v2\/media\/17912"}],"wp:attachment":[{"href":"https:\/\/www.ambienteyenergia.gob.ec\/ambiente\/wp-json\/wp\/v2\/media?parent=17904"}],"wp:term":[{"taxonomy":"category","embeddable":true,"href":"https:\/\/www.ambienteyenergia.gob.ec\/ambiente\/wp-json\/wp\/v2\/categories?post=17904"},{"taxonomy":"post_tag","embeddable":true,"href":"https:\/\/www.ambienteyenergia.gob.ec\/ambiente\/wp-json\/wp\/v2\/tags?post=17904"}],"curies":[{"name":"wp","href":"https:\/\/api.w.org\/{rel}","templated":true}]}}