{"id":17899,"date":"2014-01-24T11:40:17","date_gmt":"2014-01-24T16:40:17","guid":{"rendered":"http:\/\/www.ambiente.gob.ec\/?p=17899"},"modified":"2014-01-24T11:40:55","modified_gmt":"2014-01-24T16:40:55","slug":"mae-contribuye-al-mejoramiento-de-la-gestion-integral-de-residuos-solidos-de-los-221-gads-de-todo-el-pais","status":"publish","type":"post","link":"https:\/\/www.ambienteyenergia.gob.ec\/ambiente\/mae-contribuye-al-mejoramiento-de-la-gestion-integral-de-residuos-solidos-de-los-221-gads-de-todo-el-pais\/","title":{"rendered":"MAE contribuye al mejoramiento de la gesti\u00f3n integral de residuos s\u00f3lidos de los 221 GAD\u00b4s de todo el pa\u00eds"},"content":{"rendered":"<p style=\"text-align: justify;\">En la ceremonia, Baldimir Ibarra, Secretario de Ambiente del Distrito Metropolitano de Quito, felicit\u00f3 al MAE por la labor realizada y la contribuci\u00f3n prestada para la gesti\u00f3n integral de residuos s\u00f3lidos en Quito.<\/p>\n<p style=\"text-align: justify;\">Por su parte, la Gerente del Programa Nacional para la Gesti\u00f3n Integral de Residuos S\u00f3lidos, Paula Guerra, refirm\u00f3 el compromiso del MAE, como ente rector de las pol\u00edticas ambientales nacionales, con los gobiernos aut\u00f3nomos descentralizados para promover la implementaci\u00f3n de mecanismos de cuidado y protecci\u00f3n del ambiente a largo plazo.<\/p>\n<p style=\"text-align: justify;\">Este convenio forma parte de un grupo de estudios priorizados que se realizar\u00e1n en Cuenca, Guayaquil y Quito, debido a que estas ciudades generan el\u00a0 46% de residuos s\u00f3lidos a escala nacional, con una producci\u00f3n de 5 147 toneladas al d\u00eda. El potencial de residuos a recuperarse es de aproximadamente un 20%, por esta raz\u00f3n el Ministerio del Ambiente respalda la gesti\u00f3n de estos municipios con estudios que permitan la instalaci\u00f3n de plantas de separaci\u00f3n.<\/p>\n<p style=\"text-align: justify;\">Dentro del plan de gesti\u00f3n integral que promueve el PNGIDS, se encuentra la minimizaci\u00f3n de residuos generados y la separaci\u00f3n de residuos s\u00f3lidos y reciclaje en la fuente; capacitaciones y socializaci\u00f3n sobre\u00a0 la importancia de la implementaci\u00f3n de plantas de separaci\u00f3n en los distintos municipios. Bajo estos par\u00e1metros, la meta es construir en Ecuador una conciencia clara de la importancia y la responsabilidad ciudadana de separar los residuos en la fuente y los beneficios que se generan para la industria del reciclaje.<\/p>\n<p style=\"text-align: justify;\"><a href=\"http:\/\/www.ambienteyenergia.gob.ec\/ambiente\/wp-content\/uploads\/2014\/01\/IMG_1174-copy.jpg\"><img loading=\"lazy\" decoding=\"async\" class=\"aligncenter size-full wp-image-17900\" alt=\"IMG_1174-copy\" src=\"http:\/\/www.ambienteyenergia.gob.ec\/ambiente\/wp-content\/uploads\/2014\/01\/IMG_1174-copy.jpg\" width=\"650\" height=\"433\" srcset=\"https:\/\/www.ambienteyenergia.gob.ec\/ambiente\/wp-content\/uploads\/sites\/2\/2014\/01\/IMG_1174-copy.jpg 650w, https:\/\/www.ambienteyenergia.gob.ec\/ambiente\/wp-content\/uploads\/sites\/2\/2014\/01\/IMG_1174-copy-300x199.jpg 300w, https:\/\/www.ambienteyenergia.gob.ec\/ambiente\/wp-content\/uploads\/sites\/2\/2014\/01\/IMG_1174-copy-450x300.jpg 450w\" sizes=\"auto, (max-width: 650px) 100vw, 650px\" \/><\/a><\/p>\n","protected":false},"excerpt":{"rendered":"<p class=\"excerpt\">En la ceremonia, Baldimir Ibarra, Secretario de Ambiente del Distrito Metropolitano de Quito, felicit\u00f3 al MAE por la labor realizada y la contribuci\u00f3n prestada para la gesti\u00f3n integral de residuos s\u00f3lidos en Quito. Por su parte, la Gerente del Programa Nacional para la Gesti\u00f3n Integral de Residuos S\u00f3lidos, Paula Guerra, refirm\u00f3 el compromiso del MAE, como ente rector de las&hellip; <a href=\"https:\/\/www.ambienteyenergia.gob.ec\/ambiente\/mae-contribuye-al-mejoramiento-de-la-gestion-integral-de-residuos-solidos-de-los-221-gads-de-todo-el-pais\/\">Read more &rarr;<\/a><\/p>\n","protected":false},"author":13,"featured_media":17901,"comment_status":"open","ping_status":"open","sticky":false,"template":"","format":"standard","meta":{"footnotes":""},"categories":[16,4],"tags":[],"class_list":["post-17899","post","type-post","status-publish","format-standard","has-post-thumbnail","hentry","category-comunicamos","category-noticias","xfolkentry"],"_links":{"self":[{"href":"https:\/\/www.ambienteyenergia.gob.ec\/ambiente\/wp-json\/wp\/v2\/posts\/17899","targetHints":{"allow":["GET"]}}],"collection":[{"href":"https:\/\/www.ambienteyenergia.gob.ec\/ambiente\/wp-json\/wp\/v2\/posts"}],"about":[{"href":"https:\/\/www.ambienteyenergia.gob.ec\/ambiente\/wp-json\/wp\/v2\/types\/post"}],"author":[{"embeddable":true,"href":"https:\/\/www.ambienteyenergia.gob.ec\/ambiente\/wp-json\/wp\/v2\/users\/13"}],"replies":[{"embeddable":true,"href":"https:\/\/www.ambienteyenergia.gob.ec\/ambiente\/wp-json\/wp\/v2\/comments?post=17899"}],"version-history":[{"count":0,"href":"https:\/\/www.ambienteyenergia.gob.ec\/ambiente\/wp-json\/wp\/v2\/posts\/17899\/revisions"}],"wp:featuredmedia":[{"embeddable":true,"href":"https:\/\/www.ambienteyenergia.gob.ec\/ambiente\/wp-json\/wp\/v2\/media\/17901"}],"wp:attachment":[{"href":"https:\/\/www.ambienteyenergia.gob.ec\/ambiente\/wp-json\/wp\/v2\/media?parent=17899"}],"wp:term":[{"taxonomy":"category","embeddable":true,"href":"https:\/\/www.ambienteyenergia.gob.ec\/ambiente\/wp-json\/wp\/v2\/categories?post=17899"},{"taxonomy":"post_tag","embeddable":true,"href":"https:\/\/www.ambienteyenergia.gob.ec\/ambiente\/wp-json\/wp\/v2\/tags?post=17899"}],"curies":[{"name":"wp","href":"https:\/\/api.w.org\/{rel}","templated":true}]}}