{"id":17891,"date":"2014-01-24T10:11:03","date_gmt":"2014-01-24T15:11:03","guid":{"rendered":"http:\/\/www.ambiente.gob.ec\/?p=17891"},"modified":"2014-01-24T11:32:35","modified_gmt":"2014-01-24T16:32:35","slug":"alrededor-de-300-ninos-participaron-en-la-implementacion-de-huertos-escolares-en-imbabura","status":"publish","type":"post","link":"https:\/\/www.ambienteyenergia.gob.ec\/ambiente\/alrededor-de-300-ninos-participaron-en-la-implementacion-de-huertos-escolares-en-imbabura\/","title":{"rendered":"Alrededor de 300 ni\u00f1os participaron en la siembra de hortalizas, en Imbabura"},"content":{"rendered":"<p style=\"text-align: justify;\">Ayer, el Ministerio del Ambiente del Ecuador (MAE) imparti\u00f3 una capacitaci\u00f3n para los ni\u00f1os de sexto y s\u00e9ptimo a\u00f1o de educaci\u00f3n b\u00e1sica de la Escuela Fiscal Mixta Isidro Ayora, ubicada en la Parroquia Lita, provincia de Imbabura. La jornada de educaci\u00f3n ambiental tuvo como finalidad involucrar de manera directa a docentes, estudiantes y comunidad en general en la conservaci\u00f3n de la naturaleza, a partir de la siembra de hortalizas.<\/p>\n<p style=\"text-align: justify;\">La actividad se desarroll\u00f3 en los espacios verdes de la instituci\u00f3n educativa, donde se sembraron plantas de lechuga, remolacha, acelga, coliflor y col, entre otras. Esto como parte de un proyecto de implementaci\u00f3n de huertos escolares que fomenta esta Cartera de Estado.<\/p>\n<p style=\"text-align: justify;\">Alrededor de 300 ni\u00f1os y docentes trabajaron juntos, mientras funcionarios del MAE explicaban los beneficios que recibe el planeta con acciones como \u00e9sta. Los ni\u00f1os, por su parte, se comprometieron a cuidar a las plantas y a replicar los conocimientos aprendidos en sus hogares.<\/p>\n<p style=\"text-align: justify;\">El MAE ejecuta este tipo de iniciativas con el objetivo de concienciar a la poblaci\u00f3n sobre la importancia de proteger los recursos naturales y aplicar m\u00e1s pr\u00e1cticas amigables con el ambiente.<\/p>\n<p style=\"text-align: justify;\">\n","protected":false},"excerpt":{"rendered":"<p class=\"excerpt\">Ayer, el Ministerio del Ambiente del Ecuador (MAE) imparti\u00f3 una capacitaci\u00f3n para los ni\u00f1os de sexto y s\u00e9ptimo a\u00f1o de educaci\u00f3n b\u00e1sica de la Escuela Fiscal Mixta Isidro Ayora, ubicada en la Parroquia Lita, provincia de Imbabura. La jornada de educaci\u00f3n ambiental tuvo como finalidad involucrar de manera directa a docentes, estudiantes y comunidad en general en la conservaci\u00f3n de&hellip; <a href=\"https:\/\/www.ambienteyenergia.gob.ec\/ambiente\/alrededor-de-300-ninos-participaron-en-la-implementacion-de-huertos-escolares-en-imbabura\/\">Read more &rarr;<\/a><\/p>\n","protected":false},"author":13,"featured_media":17892,"comment_status":"open","ping_status":"open","sticky":false,"template":"","format":"standard","meta":{"footnotes":""},"categories":[16,4],"tags":[],"class_list":["post-17891","post","type-post","status-publish","format-standard","has-post-thumbnail","hentry","category-comunicamos","category-noticias","xfolkentry"],"_links":{"self":[{"href":"https:\/\/www.ambienteyenergia.gob.ec\/ambiente\/wp-json\/wp\/v2\/posts\/17891","targetHints":{"allow":["GET"]}}],"collection":[{"href":"https:\/\/www.ambienteyenergia.gob.ec\/ambiente\/wp-json\/wp\/v2\/posts"}],"about":[{"href":"https:\/\/www.ambienteyenergia.gob.ec\/ambiente\/wp-json\/wp\/v2\/types\/post"}],"author":[{"embeddable":true,"href":"https:\/\/www.ambienteyenergia.gob.ec\/ambiente\/wp-json\/wp\/v2\/users\/13"}],"replies":[{"embeddable":true,"href":"https:\/\/www.ambienteyenergia.gob.ec\/ambiente\/wp-json\/wp\/v2\/comments?post=17891"}],"version-history":[{"count":0,"href":"https:\/\/www.ambienteyenergia.gob.ec\/ambiente\/wp-json\/wp\/v2\/posts\/17891\/revisions"}],"wp:featuredmedia":[{"embeddable":true,"href":"https:\/\/www.ambienteyenergia.gob.ec\/ambiente\/wp-json\/wp\/v2\/media\/17892"}],"wp:attachment":[{"href":"https:\/\/www.ambienteyenergia.gob.ec\/ambiente\/wp-json\/wp\/v2\/media?parent=17891"}],"wp:term":[{"taxonomy":"category","embeddable":true,"href":"https:\/\/www.ambienteyenergia.gob.ec\/ambiente\/wp-json\/wp\/v2\/categories?post=17891"},{"taxonomy":"post_tag","embeddable":true,"href":"https:\/\/www.ambienteyenergia.gob.ec\/ambiente\/wp-json\/wp\/v2\/tags?post=17891"}],"curies":[{"name":"wp","href":"https:\/\/api.w.org\/{rel}","templated":true}]}}