{"id":17888,"date":"2014-01-24T08:32:06","date_gmt":"2014-01-24T13:32:06","guid":{"rendered":"http:\/\/www.ambiente.gob.ec\/?p=17888"},"modified":"2014-01-24T08:32:06","modified_gmt":"2014-01-24T13:32:06","slug":"mae-decomisa-14-metros-cubicos-de-madera-ilegal-en-chimborazo","status":"publish","type":"post","link":"https:\/\/www.ambienteyenergia.gob.ec\/ambiente\/mae-decomisa-14-metros-cubicos-de-madera-ilegal-en-chimborazo\/","title":{"rendered":"MAE decomisa 14 metros c\u00fabicos de madera ilegal en Chimborazo"},"content":{"rendered":"<p style=\"text-align: justify;\">El Ministerio del Ambiente del Ecuador (MAE), a trav\u00e9s de la Direcci\u00f3n Provincial de Chimborazo, en coordinaci\u00f3n con personal de la Unidad de Protecci\u00f3n del Medio Ambiente (UPMA), realizaron varios operativos de control forestal en la provincia, con la finalidad de reducir el tr\u00e1fico ilegal de madera en las v\u00edas Riobamba \u2013 Penipe, Guano y Chambo.<\/p>\n<p style=\"text-align: justify;\">Durante el operativo de control, t\u00e9cnicos forestales conjuntamente con el personal policial detuvieron a dos veh\u00edculos, que circulaban sin las respectivas gu\u00edas de movilizaci\u00f3n de productos forestales, por lo que se procedi\u00f3 de inmediato a la retenci\u00f3n del automotor y al decomiso de 14 m3 de madera rolliza de Eucalipto.<\/p>\n<p style=\"text-align: justify;\">En los pr\u00f3ximos d\u00edas el MAE extender\u00e1 los operativos de control por las diferentes jurisdicciones de la provincia, con la finalidad de regularizar el transporte de productos maderables y no maderables desde el bosque hasta el lugar de destino.<\/p>\n<p style=\"text-align: justify;\">La conservaci\u00f3n de los bosques es una prioridad para el MAE, por esta raz\u00f3n, se implementaron estos sistemas de control, para propiciar un manejo sustentable de recursos forestales y la protecci\u00f3n de su diversidad. Adem\u00e1s, de contribuir al crecimiento econ\u00f3mico y al desarrollo social.<\/p>\n<p style=\"text-align: justify;\">\n","protected":false},"excerpt":{"rendered":"<p class=\"excerpt\">El Ministerio del Ambiente del Ecuador (MAE), a trav\u00e9s de la Direcci\u00f3n Provincial de Chimborazo, en coordinaci\u00f3n con personal de la Unidad de Protecci\u00f3n del Medio Ambiente (UPMA), realizaron varios operativos de control forestal en la provincia, con la finalidad de reducir el tr\u00e1fico ilegal de madera en las v\u00edas Riobamba \u2013 Penipe, Guano y Chambo. Durante el operativo de&hellip; <a href=\"https:\/\/www.ambienteyenergia.gob.ec\/ambiente\/mae-decomisa-14-metros-cubicos-de-madera-ilegal-en-chimborazo\/\">Read more &rarr;<\/a><\/p>\n","protected":false},"author":13,"featured_media":17889,"comment_status":"open","ping_status":"open","sticky":false,"template":"","format":"standard","meta":{"footnotes":""},"categories":[16,4],"tags":[],"class_list":["post-17888","post","type-post","status-publish","format-standard","has-post-thumbnail","hentry","category-comunicamos","category-noticias","xfolkentry"],"_links":{"self":[{"href":"https:\/\/www.ambienteyenergia.gob.ec\/ambiente\/wp-json\/wp\/v2\/posts\/17888","targetHints":{"allow":["GET"]}}],"collection":[{"href":"https:\/\/www.ambienteyenergia.gob.ec\/ambiente\/wp-json\/wp\/v2\/posts"}],"about":[{"href":"https:\/\/www.ambienteyenergia.gob.ec\/ambiente\/wp-json\/wp\/v2\/types\/post"}],"author":[{"embeddable":true,"href":"https:\/\/www.ambienteyenergia.gob.ec\/ambiente\/wp-json\/wp\/v2\/users\/13"}],"replies":[{"embeddable":true,"href":"https:\/\/www.ambienteyenergia.gob.ec\/ambiente\/wp-json\/wp\/v2\/comments?post=17888"}],"version-history":[{"count":0,"href":"https:\/\/www.ambienteyenergia.gob.ec\/ambiente\/wp-json\/wp\/v2\/posts\/17888\/revisions"}],"wp:featuredmedia":[{"embeddable":true,"href":"https:\/\/www.ambienteyenergia.gob.ec\/ambiente\/wp-json\/wp\/v2\/media\/17889"}],"wp:attachment":[{"href":"https:\/\/www.ambienteyenergia.gob.ec\/ambiente\/wp-json\/wp\/v2\/media?parent=17888"}],"wp:term":[{"taxonomy":"category","embeddable":true,"href":"https:\/\/www.ambienteyenergia.gob.ec\/ambiente\/wp-json\/wp\/v2\/categories?post=17888"},{"taxonomy":"post_tag","embeddable":true,"href":"https:\/\/www.ambienteyenergia.gob.ec\/ambiente\/wp-json\/wp\/v2\/tags?post=17888"}],"curies":[{"name":"wp","href":"https:\/\/api.w.org\/{rel}","templated":true}]}}