{"id":17868,"date":"2014-01-23T15:05:07","date_gmt":"2014-01-23T20:05:07","guid":{"rendered":"http:\/\/www.ambiente.gob.ec\/?p=17868"},"modified":"2014-01-23T15:14:39","modified_gmt":"2014-01-23T20:14:39","slug":"funcion-judicial-ratifico-prision-para-responsable-de-la-muerte-del-condor-en-azuay","status":"publish","type":"post","link":"https:\/\/www.ambienteyenergia.gob.ec\/ambiente\/funcion-judicial-ratifico-prision-para-responsable-de-la-muerte-del-condor-en-azuay\/","title":{"rendered":"Funci\u00f3n Judicial ratific\u00f3 prisi\u00f3n para responsable de la muerte  del c\u00f3ndor en Azuay"},"content":{"rendered":"<p style=\"text-align: justify;\">Hoy, tras la audiencia de juzgamiento en contra del responsable de la muerte de un c\u00f3ndor en Azuay en el Bosque Protector Irquis \u2013Yanuncay (Azuay),\u00a0 Manuel Damian fue declarado culpable del delito ambiental establecido en el art. 437 f literal b del C\u00f3digo Penal vigente que establece que: \u201c<i>El que cace, capture, recolecte, extraiga o comercialice, especies de flora o fauna que est\u00e9n legalmente protegidas, contraviniendo las disposiciones legales y reglamentarias sobre la materia, ser\u00e1 reprimido con prisi\u00f3n de uno a tres a\u00f1os. b) El hecho se cometa contra especies en peligro de extinci\u00f3n\u00bb.\u00a0<\/i><\/p>\n<p style=\"text-align: justify;\">La Fiscal\u00eda pidi\u00f3 que el acusado se someta a\u00a0 procedimiento abreviado, por lo que solicit\u00f3 al Tribunal de Garant\u00edas Penales\u00a0 la imposici\u00f3n de una pena de seis meses, en acuerdo con el procesado y Defensor\u00eda P\u00fablica, quien asumi\u00f3 su defensa. Para determinar la pena, se hizo referencia a los atenuantes transcendentales del Art. 29 del C\u00f3digo Penal, numerales 2, 6, 7, 8 y 10 que claramente establecen <i>\u201c\u2026Ser el culpable mayor de sesenta a\u00f1os de edad, ejemplar conducta observada por el culpado con posterioridad a la infracci\u00f3n;\u00a0 onducta anterior del delincuente que revele claramente no tratarse de un individuo peligroso; rusticidad del delincuente, de tal naturaleza que revele claramente que cometi\u00f3 el acto punible por ignorancia; la confesi\u00f3n espont\u00e1nea, cuando es verdadera\u2026\u201d<\/i>. En virtud de lo antes mencionado el Tribunal acept\u00f3 el pedido de la Fiscal\u00eda de imponer una pena de seis meses de prisi\u00f3n al acusado.<\/p>\n<p style=\"text-align: justify;\">Es necesario recalcar, que el Ministerio del Ambiente como acusador particular en este proceso, desde el inicio de las investigaciones, solicit\u00f3 a las autoridades competentes la pena m\u00e1xima para este delito contra los derechos de la naturaleza.<\/p>\n<p style=\"text-align: justify;\"><strong>Cronolog\u00eda de los hechos<\/strong><\/p>\n<p style=\"text-align: justify;\">El s\u00e1bado 27 de abril de 2013, empez\u00f3 a circular una foto en las redes sociales, en la que se pod\u00eda observar a un c\u00f3ndor, al parecer juvenil (porque tiene plumas en el abdomen).<\/p>\n<p style=\"text-align: justify;\">El MAE inmediatamente conocido el hecho, tom\u00f3 acciones y activ\u00f3 todo su contingente para indagar el presunto delito cometido en la Captaci\u00f3n de Agua Pucar\u00e1loma \u2013 Sector de GUALAY, parroquia Victoria del Portete, cant\u00f3n Cuenca, provincia del Azuay.<\/p>\n<p style=\"text-align: justify;\">El domingo 28 de abril, se desarroll\u00f3 una investigaci\u00f3n para recabar los hechos y recopilar informaci\u00f3n sobre las personas involucradas.<\/p>\n<p style=\"text-align: justify;\">El 29 de abril, el MAE present\u00f3 una acusaci\u00f3n particular ante la Fiscal\u00eda General del Estado, pidiendo la sanci\u00f3n m\u00e1xima seg\u00fan se estipula en el Art. 437 del C\u00f3digo Penal Ecuatoriano y en el Art. 78 de Ley Forestal y de Conservaci\u00f3n de \u00c1reas Naturales y Vida Silvestre.<\/p>\n<p style=\"text-align: justify;\">El 7 de noviembre de 2013 se captura al sospecho en el sector de Tarqui, en Azuay.<\/p>\n","protected":false},"excerpt":{"rendered":"<p class=\"excerpt\">Hoy, tras la audiencia de juzgamiento en contra del responsable de la muerte de un c\u00f3ndor en Azuay en el Bosque Protector Irquis \u2013Yanuncay (Azuay),\u00a0 Manuel Damian fue declarado culpable del delito ambiental establecido en el art. 437 f literal b del C\u00f3digo Penal vigente que establece que: \u201cEl que cace, capture, recolecte, extraiga o comercialice, especies de flora o&hellip; <a href=\"https:\/\/www.ambienteyenergia.gob.ec\/ambiente\/funcion-judicial-ratifico-prision-para-responsable-de-la-muerte-del-condor-en-azuay\/\">Read more &rarr;<\/a><\/p>\n","protected":false},"author":13,"featured_media":17869,"comment_status":"open","ping_status":"open","sticky":false,"template":"","format":"standard","meta":{"footnotes":""},"categories":[16,4],"tags":[],"class_list":["post-17868","post","type-post","status-publish","format-standard","has-post-thumbnail","hentry","category-comunicamos","category-noticias","xfolkentry"],"_links":{"self":[{"href":"https:\/\/www.ambienteyenergia.gob.ec\/ambiente\/wp-json\/wp\/v2\/posts\/17868","targetHints":{"allow":["GET"]}}],"collection":[{"href":"https:\/\/www.ambienteyenergia.gob.ec\/ambiente\/wp-json\/wp\/v2\/posts"}],"about":[{"href":"https:\/\/www.ambienteyenergia.gob.ec\/ambiente\/wp-json\/wp\/v2\/types\/post"}],"author":[{"embeddable":true,"href":"https:\/\/www.ambienteyenergia.gob.ec\/ambiente\/wp-json\/wp\/v2\/users\/13"}],"replies":[{"embeddable":true,"href":"https:\/\/www.ambienteyenergia.gob.ec\/ambiente\/wp-json\/wp\/v2\/comments?post=17868"}],"version-history":[{"count":0,"href":"https:\/\/www.ambienteyenergia.gob.ec\/ambiente\/wp-json\/wp\/v2\/posts\/17868\/revisions"}],"wp:featuredmedia":[{"embeddable":true,"href":"https:\/\/www.ambienteyenergia.gob.ec\/ambiente\/wp-json\/wp\/v2\/media\/17869"}],"wp:attachment":[{"href":"https:\/\/www.ambienteyenergia.gob.ec\/ambiente\/wp-json\/wp\/v2\/media?parent=17868"}],"wp:term":[{"taxonomy":"category","embeddable":true,"href":"https:\/\/www.ambienteyenergia.gob.ec\/ambiente\/wp-json\/wp\/v2\/categories?post=17868"},{"taxonomy":"post_tag","embeddable":true,"href":"https:\/\/www.ambienteyenergia.gob.ec\/ambiente\/wp-json\/wp\/v2\/tags?post=17868"}],"curies":[{"name":"wp","href":"https:\/\/api.w.org\/{rel}","templated":true}]}}