{"id":17846,"date":"2014-01-22T17:59:07","date_gmt":"2014-01-22T22:59:07","guid":{"rendered":"http:\/\/www.ambiente.gob.ec\/?p=17846"},"modified":"2014-01-22T18:02:34","modified_gmt":"2014-01-22T23:02:34","slug":"arranca-segundo-ciclo-de-talles-sobre-costo-de-oportunidad-y-actividades-productivas-redd-en-ecuador","status":"publish","type":"post","link":"https:\/\/www.ambienteyenergia.gob.ec\/ambiente\/arranca-segundo-ciclo-de-talles-sobre-costo-de-oportunidad-y-actividades-productivas-redd-en-ecuador\/","title":{"rendered":"Arranca segundo ciclo de talles sobre costo de oportunidad y actividades productivas REDD+ en Ecuador"},"content":{"rendered":"<p style=\"text-align: justify;\">El Ministerio del Ambiente (MAE), a trav\u00e9s de la Subsecretar\u00eda de Cambio Clim\u00e1tico, y\u00a0 con el apoyo t\u00e9cnico del Programa Nacional Conjunto ONU-REDD, inici\u00f3 el segundo ciclo de talleres sobre costo de oportunidad y actividades productivas REDD+. Estos talleres tienen como objetivo validar y recabar informaci\u00f3n econ\u00f3mica sobre los principales usos de la tierra\u00a0 relacionadas con actividades productivas que contribuyan a la reducci\u00f3n de la deforestaci\u00f3n y degradaci\u00f3n de bosques.<\/p>\n<p style=\"text-align: justify;\">Este nuevo ciclo de talleres se realiz\u00f3\u00a0 en la ciudad de San Miguel de los Bancos, los d\u00edas 21 y 22 de enero, y es uno de los diecinueve talleres que tiene planificado realizar esta Cartera de Estado. En estas reuniones participar\u00e1n actores clave de las diferentes zonas del noroccidente de Quito que podr\u00edan vincularse con REDD+ en el futuro.<\/p>\n<p style=\"text-align: justify;\">Para el Ministerio del Ambiente estos talleres son relevantes porque le servir\u00e1n para conocer a profundidad las din\u00e1micas de cambio de uso de suelo (actividades agr\u00edcolas, pecuarias, forestales y de innovaci\u00f3n productiva) de las provincias y cantones del Ecuador, que podr\u00edan estar vinculadas con el mecanismo REDD+.<\/p>\n<p style=\"text-align: justify;\">REDD+ es una propuesta internacional de mitigaci\u00f3n al cambio clim\u00e1tico, el cual busca reducir las emisiones de carbono por la deforestaci\u00f3n y degradaci\u00f3n forestal.<\/p>\n","protected":false},"excerpt":{"rendered":"<p class=\"excerpt\">El Ministerio del Ambiente (MAE), a trav\u00e9s de la Subsecretar\u00eda de Cambio Clim\u00e1tico, y\u00a0 con el apoyo t\u00e9cnico del Programa Nacional Conjunto ONU-REDD, inici\u00f3 el segundo ciclo de talleres sobre costo de oportunidad y actividades productivas REDD+. Estos talleres tienen como objetivo validar y recabar informaci\u00f3n econ\u00f3mica sobre los principales usos de la tierra\u00a0 relacionadas con actividades productivas que contribuyan&hellip; <a href=\"https:\/\/www.ambienteyenergia.gob.ec\/ambiente\/arranca-segundo-ciclo-de-talles-sobre-costo-de-oportunidad-y-actividades-productivas-redd-en-ecuador\/\">Read more &rarr;<\/a><\/p>\n","protected":false},"author":13,"featured_media":17847,"comment_status":"open","ping_status":"open","sticky":false,"template":"","format":"standard","meta":{"footnotes":""},"categories":[16,4],"tags":[],"class_list":["post-17846","post","type-post","status-publish","format-standard","has-post-thumbnail","hentry","category-comunicamos","category-noticias","xfolkentry"],"_links":{"self":[{"href":"https:\/\/www.ambienteyenergia.gob.ec\/ambiente\/wp-json\/wp\/v2\/posts\/17846","targetHints":{"allow":["GET"]}}],"collection":[{"href":"https:\/\/www.ambienteyenergia.gob.ec\/ambiente\/wp-json\/wp\/v2\/posts"}],"about":[{"href":"https:\/\/www.ambienteyenergia.gob.ec\/ambiente\/wp-json\/wp\/v2\/types\/post"}],"author":[{"embeddable":true,"href":"https:\/\/www.ambienteyenergia.gob.ec\/ambiente\/wp-json\/wp\/v2\/users\/13"}],"replies":[{"embeddable":true,"href":"https:\/\/www.ambienteyenergia.gob.ec\/ambiente\/wp-json\/wp\/v2\/comments?post=17846"}],"version-history":[{"count":0,"href":"https:\/\/www.ambienteyenergia.gob.ec\/ambiente\/wp-json\/wp\/v2\/posts\/17846\/revisions"}],"wp:featuredmedia":[{"embeddable":true,"href":"https:\/\/www.ambienteyenergia.gob.ec\/ambiente\/wp-json\/wp\/v2\/media\/17847"}],"wp:attachment":[{"href":"https:\/\/www.ambienteyenergia.gob.ec\/ambiente\/wp-json\/wp\/v2\/media?parent=17846"}],"wp:term":[{"taxonomy":"category","embeddable":true,"href":"https:\/\/www.ambienteyenergia.gob.ec\/ambiente\/wp-json\/wp\/v2\/categories?post=17846"},{"taxonomy":"post_tag","embeddable":true,"href":"https:\/\/www.ambienteyenergia.gob.ec\/ambiente\/wp-json\/wp\/v2\/tags?post=17846"}],"curies":[{"name":"wp","href":"https:\/\/api.w.org\/{rel}","templated":true}]}}