{"id":17842,"date":"2014-01-22T17:55:49","date_gmt":"2014-01-22T22:55:49","guid":{"rendered":"http:\/\/www.ambiente.gob.ec\/?p=17842"},"modified":"2014-01-22T17:55:49","modified_gmt":"2014-01-22T22:55:49","slug":"dpng-inicia-acciones-para-proteger-la-calandrinia-galapagosa","status":"publish","type":"post","link":"https:\/\/www.ambienteyenergia.gob.ec\/ambiente\/dpng-inicia-acciones-para-proteger-la-calandrinia-galapagosa\/","title":{"rendered":"DPNG inicia acciones para proteger la calandrinia galapagosa"},"content":{"rendered":"<p style=\"text-align: justify;\"><strong>La medida fue adoptada por tratarse de una planta end\u00e9mica que tiene m\u00ednima presencia en la isla San Crist\u00f3bal<\/strong><\/p>\n<p style=\"text-align: justify;\">El Ministerio del Ambiente del Ecuador (MAE), a trav\u00e9s de la Unidad\u00a0 T\u00e9cnica\u00a0 San Crist\u00f3bal de la Direcci\u00f3n del Parque Nacional (DPNG), inici\u00f3 acciones para proteger la Calandrinia galapagosa, una especie end\u00e9mica de la isla, con poca presencia en el cant\u00f3n, que se encuentra amenazada por especies introducidas que han reducido su h\u00e1bitat.<\/p>\n<p style=\"text-align: justify;\">La Calandrinia galapagosa es una especie de flora end\u00e9mica tipo arbustiva, cuyo h\u00e1bitat est\u00e1 ubicado en zonas \u00e1ridas o de transici\u00f3n, por lo que es muy susceptible a los cambios de clima, lo que tambi\u00e9n ha afectado su reproducci\u00f3n, que es muy lenta. Su existencia ha sido registrada en Cerro Colorado, Rosa Blanca, Montones de Arena, Punta Pitt, La Tortuga, Cerro Brujo, El Ripioso y en los alrededores del Centro de Interpretaci\u00f3n, sitios ubicados en diferentes partes de la isla San Crist\u00f3bal.<\/p>\n<p style=\"text-align: justify;\">Los esfuerzos invertidos por esta Cartera de Estado para reproducir esta planta en el vivero forestal han dado sus frutos; pues alrededor de 200 est\u00e1n listas para ser trasplantadas en sitios seguros. Otras 50 ya fueron sembradas en los alrededores del vivero. \u201cEl proceso de reproducci\u00f3n dura aproximadamente 90 d\u00edas cuando lo hacemos mediante semilla, y entre 45 y 60 d\u00edas cuando es mediante estaca\u201d, mencion\u00f3 Carlos Ortega, Director de la Unidad T\u00e9cnica San Crist\u00f3bal de la DPNG.<\/p>\n<p style=\"text-align: justify;\">Como medida de protecci\u00f3n adoptada por la DPNG, los guardaparques se encuentran recuperando espacios de crecimiento de la planta en dos sitios espec\u00edficos de la isla: Cerro Colorado y Rosa Blanca, que est\u00e1 ubicados hacia el centro y oeste de la isla, donde han eliminado especies introducidas como supirrosa (<i>Lantana camara<\/i>). En un censo parcial realizado a finales del 2013 en estos sitios se determin\u00f3 la existencia de 372 plantas de calandrinia.<\/p>\n<p style=\"text-align: justify;\">En los pr\u00f3ximos meses la DPNG realizar\u00e1 un monitoreo y un censo global de cada uno de los sitios en donde se encuentra la Calandrinia galapagosa, para determinar la poblaci\u00f3n real de esta especie en San Crist\u00f3bal y analizar el estado poblacional de la misma, para de esta forma definir las medidas de manejo aplicables para su protecci\u00f3n.<\/p>\n<p style=\"text-align: justify;\"><a href=\"http:\/\/www.ambienteyenergia.gob.ec\/ambiente\/wp-content\/uploads\/2014\/01\/calandrinia-1.jpg\"><img loading=\"lazy\" decoding=\"async\" class=\"aligncenter size-full wp-image-17844\" alt=\"calandrinia\" src=\"http:\/\/www.ambienteyenergia.gob.ec\/ambiente\/wp-content\/uploads\/2014\/01\/calandrinia-1.jpg\" width=\"640\" height=\"412\" srcset=\"https:\/\/www.ambienteyenergia.gob.ec\/ambiente\/wp-content\/uploads\/sites\/2\/2014\/01\/calandrinia-1.jpg 640w, https:\/\/www.ambienteyenergia.gob.ec\/ambiente\/wp-content\/uploads\/sites\/2\/2014\/01\/calandrinia-1-300x193.jpg 300w, https:\/\/www.ambienteyenergia.gob.ec\/ambiente\/wp-content\/uploads\/sites\/2\/2014\/01\/calandrinia-1-466x300.jpg 466w\" sizes=\"auto, (max-width: 640px) 100vw, 640px\" \/><\/a><\/p>\n","protected":false},"excerpt":{"rendered":"<p class=\"excerpt\">La medida fue adoptada por tratarse de una planta end\u00e9mica que tiene m\u00ednima presencia en la isla San Crist\u00f3bal El Ministerio del Ambiente del Ecuador (MAE), a trav\u00e9s de la Unidad\u00a0 T\u00e9cnica\u00a0 San Crist\u00f3bal de la Direcci\u00f3n del Parque Nacional (DPNG), inici\u00f3 acciones para proteger la Calandrinia galapagosa, una especie end\u00e9mica de la isla, con poca presencia en el cant\u00f3n,&hellip; <a href=\"https:\/\/www.ambienteyenergia.gob.ec\/ambiente\/dpng-inicia-acciones-para-proteger-la-calandrinia-galapagosa\/\">Read more &rarr;<\/a><\/p>\n","protected":false},"author":13,"featured_media":17843,"comment_status":"open","ping_status":"open","sticky":false,"template":"","format":"standard","meta":{"footnotes":""},"categories":[16,4],"tags":[],"class_list":["post-17842","post","type-post","status-publish","format-standard","has-post-thumbnail","hentry","category-comunicamos","category-noticias","xfolkentry"],"_links":{"self":[{"href":"https:\/\/www.ambienteyenergia.gob.ec\/ambiente\/wp-json\/wp\/v2\/posts\/17842","targetHints":{"allow":["GET"]}}],"collection":[{"href":"https:\/\/www.ambienteyenergia.gob.ec\/ambiente\/wp-json\/wp\/v2\/posts"}],"about":[{"href":"https:\/\/www.ambienteyenergia.gob.ec\/ambiente\/wp-json\/wp\/v2\/types\/post"}],"author":[{"embeddable":true,"href":"https:\/\/www.ambienteyenergia.gob.ec\/ambiente\/wp-json\/wp\/v2\/users\/13"}],"replies":[{"embeddable":true,"href":"https:\/\/www.ambienteyenergia.gob.ec\/ambiente\/wp-json\/wp\/v2\/comments?post=17842"}],"version-history":[{"count":0,"href":"https:\/\/www.ambienteyenergia.gob.ec\/ambiente\/wp-json\/wp\/v2\/posts\/17842\/revisions"}],"wp:featuredmedia":[{"embeddable":true,"href":"https:\/\/www.ambienteyenergia.gob.ec\/ambiente\/wp-json\/wp\/v2\/media\/17843"}],"wp:attachment":[{"href":"https:\/\/www.ambienteyenergia.gob.ec\/ambiente\/wp-json\/wp\/v2\/media?parent=17842"}],"wp:term":[{"taxonomy":"category","embeddable":true,"href":"https:\/\/www.ambienteyenergia.gob.ec\/ambiente\/wp-json\/wp\/v2\/categories?post=17842"},{"taxonomy":"post_tag","embeddable":true,"href":"https:\/\/www.ambienteyenergia.gob.ec\/ambiente\/wp-json\/wp\/v2\/tags?post=17842"}],"curies":[{"name":"wp","href":"https:\/\/api.w.org\/{rel}","templated":true}]}}