{"id":17829,"date":"2014-01-22T15:58:51","date_gmt":"2014-01-22T20:58:51","guid":{"rendered":"http:\/\/www.ambiente.gob.ec\/?p=17829"},"modified":"2014-01-22T17:27:30","modified_gmt":"2014-01-22T22:27:30","slug":"guayacanes-pinta-de-amarillo-los-bosques-del-pais","status":"publish","type":"post","link":"https:\/\/www.ambienteyenergia.gob.ec\/ambiente\/guayacanes-pinta-de-amarillo-los-bosques-del-pais\/","title":{"rendered":"Guayacanes pintan de amarillo los bosques del pa\u00eds"},"content":{"rendered":"<p style=\"text-align: justify;\">El florecimiento del guayac\u00e1n es un acontecimiento anual \u00fanico en los bosques secos del pa\u00eds, desarrollado tras las primeras lluvias del a\u00f1o, durante aproximadamente una semana. Los \u00e1rboles se pitan de dorado y perfuman el ambiente, para luego dar paso al verde de sus hojas, hasta que vuelven a su condici\u00f3n usual, casi marchita.<\/p>\n<p style=\"text-align: justify;\">En enero, los paisajes se visten de amarillo, los guayacanes desde lejos convierten a las provincias de Esmeraldas, Manab\u00ed, Guayas, Los R\u00edos, El Oro y Loja, en un para\u00edso. Lamentablemente, el Bosque Seco Ecuatoriano es un ecosistema fr\u00e1gil, que ha soportado un alarmante proceso de deforestaci\u00f3n y reducci\u00f3n en el pa\u00eds en un 17% de su extensi\u00f3n original.<\/p>\n<p style=\"text-align: justify;\">Este tipo de vegetaci\u00f3n constituye un recurso estrat\u00e9gico, en el desarrollo de las poblaciones locales, dot\u00e1ndoles de m\u00faltiples beneficios, por lo que es necesario impulsar acciones de manejo programado, con el objetivo de mantener y aprovechar estos ecosistemas, sin causarles da\u00f1o.<\/p>\n<p style=\"text-align: justify;\">Los bosques secos en Ecuador son biol\u00f3gicamente importantes, porque son el centro de la Regi\u00f3n de Endemismo Tumbesina. La mayor parte del territorio, est\u00e1 cubierta por bosques estacionalmente marchitos localizados en las tierras bajas y faldas occidentales de los Andes, en las provincias antes mencionadas.<\/p>\n<p style=\"text-align: justify;\">El Ministerio del Ambiente del Ecuador (MAE), velar\u00e1 por que se cumpla el Acuerdo Ministerial 244 \u201cNorma para el manejo forestal sustentable del bosque seco\u201d, con el fin de establecer regulaciones para el aprovechamiento forestal sustentable de la flora, a trav\u00e9s, de t\u00e9cnicas recomendables, compromisos y responsabilidades en la ejecuci\u00f3n de planes de aprovechamiento y conservaci\u00f3n ambiental.<\/p>\n<p style=\"text-align: justify;\"><strong>Datos importantes<br \/>\n<\/strong><\/p>\n<ul style=\"text-align: justify;\">\n<li>Las especies del bosque seco suelen tener \u00e1reas de distribuci\u00f3n, m\u00e1s extensas que en la selva h\u00fameda.<\/li>\n<li>La conservaci\u00f3n de estos bosques requiere la protecci\u00f3n de amplias \u00e1reas, para la supervivencia de depredadores y otros vertebrados.<\/li>\n<li>Los bosques secos son muy sensibles a los incendios y la deforestaci\u00f3n.<\/li>\n<\/ul>\n<p style=\"text-align: justify;\"><a href=\"http:\/\/www.ambienteyenergia.gob.ec\/ambiente\/wp-content\/uploads\/2014\/01\/Guayacan-Loja.jpg\"><img loading=\"lazy\" decoding=\"async\" class=\"aligncenter size-full wp-image-17837\" alt=\"Guayacan-Loja\" src=\"http:\/\/www.ambienteyenergia.gob.ec\/ambiente\/wp-content\/uploads\/2014\/01\/Guayacan-Loja.jpg\" width=\"650\" height=\"978\" srcset=\"https:\/\/www.ambienteyenergia.gob.ec\/ambiente\/wp-content\/uploads\/sites\/2\/2014\/01\/Guayacan-Loja.jpg 650w, https:\/\/www.ambienteyenergia.gob.ec\/ambiente\/wp-content\/uploads\/sites\/2\/2014\/01\/Guayacan-Loja-199x300.jpg 199w\" sizes=\"auto, (max-width: 650px) 100vw, 650px\" \/><\/a><\/p>\n","protected":false},"excerpt":{"rendered":"<p class=\"excerpt\">El florecimiento del guayac\u00e1n es un acontecimiento anual \u00fanico en los bosques secos del pa\u00eds, desarrollado tras las primeras lluvias del a\u00f1o, durante aproximadamente una semana. Los \u00e1rboles se pitan de dorado y perfuman el ambiente, para luego dar paso al verde de sus hojas, hasta que vuelven a su condici\u00f3n usual, casi marchita. En enero, los paisajes se visten&hellip; <a href=\"https:\/\/www.ambienteyenergia.gob.ec\/ambiente\/guayacanes-pinta-de-amarillo-los-bosques-del-pais\/\">Read more &rarr;<\/a><\/p>\n","protected":false},"author":13,"featured_media":17835,"comment_status":"open","ping_status":"open","sticky":false,"template":"","format":"standard","meta":{"footnotes":""},"categories":[16,4],"tags":[],"class_list":["post-17829","post","type-post","status-publish","format-standard","has-post-thumbnail","hentry","category-comunicamos","category-noticias","xfolkentry"],"_links":{"self":[{"href":"https:\/\/www.ambienteyenergia.gob.ec\/ambiente\/wp-json\/wp\/v2\/posts\/17829","targetHints":{"allow":["GET"]}}],"collection":[{"href":"https:\/\/www.ambienteyenergia.gob.ec\/ambiente\/wp-json\/wp\/v2\/posts"}],"about":[{"href":"https:\/\/www.ambienteyenergia.gob.ec\/ambiente\/wp-json\/wp\/v2\/types\/post"}],"author":[{"embeddable":true,"href":"https:\/\/www.ambienteyenergia.gob.ec\/ambiente\/wp-json\/wp\/v2\/users\/13"}],"replies":[{"embeddable":true,"href":"https:\/\/www.ambienteyenergia.gob.ec\/ambiente\/wp-json\/wp\/v2\/comments?post=17829"}],"version-history":[{"count":0,"href":"https:\/\/www.ambienteyenergia.gob.ec\/ambiente\/wp-json\/wp\/v2\/posts\/17829\/revisions"}],"wp:featuredmedia":[{"embeddable":true,"href":"https:\/\/www.ambienteyenergia.gob.ec\/ambiente\/wp-json\/wp\/v2\/media\/17835"}],"wp:attachment":[{"href":"https:\/\/www.ambienteyenergia.gob.ec\/ambiente\/wp-json\/wp\/v2\/media?parent=17829"}],"wp:term":[{"taxonomy":"category","embeddable":true,"href":"https:\/\/www.ambienteyenergia.gob.ec\/ambiente\/wp-json\/wp\/v2\/categories?post=17829"},{"taxonomy":"post_tag","embeddable":true,"href":"https:\/\/www.ambienteyenergia.gob.ec\/ambiente\/wp-json\/wp\/v2\/tags?post=17829"}],"curies":[{"name":"wp","href":"https:\/\/api.w.org\/{rel}","templated":true}]}}