{"id":17813,"date":"2014-01-21T19:54:02","date_gmt":"2014-01-22T00:54:02","guid":{"rendered":"http:\/\/www.ambiente.gob.ec\/?p=17813"},"modified":"2014-01-31T15:25:09","modified_gmt":"2014-01-31T20:25:09","slug":"ministra-lorena-tapia-evalua-el-estado-del-estero-salado","status":"publish","type":"post","link":"https:\/\/www.ambienteyenergia.gob.ec\/ambiente\/ministra-lorena-tapia-evalua-el-estado-del-estero-salado\/","title":{"rendered":"Ministra Lorena Tapia eval\u00faa el estado del Estero Salado"},"content":{"rendered":"<p style=\"text-align: justify;\">La Ministra del Ambiente, Lorena Tapia, explic\u00f3 en rueda de prensa la tarde de hoy, los avances en el Estero Salado, concernientes a la \u00faltima visita t\u00e9cnica de la delegaci\u00f3n francesa que evalu\u00f3 la zona.<\/p>\n<p style=\"text-align: justify;\">Por m\u00e1s de 40 a\u00f1os los guayaquile\u00f1os han sido desatendidos debido a la contaminaci\u00f3n existente. Por esta raz\u00f3n, el Ministerio del Ambiente (MAE) realiz\u00f3 un diagn\u00f3stico del estado actual del Estero, en el que se determina que las descargas dom\u00e9sticas e industriales son las principales causantes de su deterioro.<\/p>\n<p style=\"text-align: justify;\">La Subsecretar\u00eda de Gesti\u00f3n Marino y Costera, a trav\u00e9s del programa Guayaquil Ecol\u00f3gico- Componente Estero Salado, desde mayo de 2010, trabaja en procesos de consultor\u00eda y levantamiento de una l\u00ednea base de informaci\u00f3n del grado de contaminaci\u00f3n en el estero, en la parte norte y sur de Guayaquil, debido al crecimiento acelerado de poblaciones.<\/p>\n<p style=\"text-align: justify;\">Hay 586 empresas que han sido inspeccionadas por el MAE que durante a\u00f1os no han sido visitadas por el Municipio de Guayaquil para conocer si cumplen la normativa ambiental de\u00a0 no realizar descargas al estero.<\/p>\n<p style=\"text-align: justify;\">Plomo, mercurio, cobre y cadmio son la principal problem\u00e1tica de contaminaci\u00f3n que se encontr\u00f3 en el \u00faltimo recorrido realizado por las autoridades y t\u00e9cnicos del MAE, t\u00e9cnicos de la Escuela Superior Polit\u00e9cnica del Litoral (Espol) y los investigadores franceses que visitaron la semana pasada el sector.<\/p>\n<p style=\"text-align: justify;\">Con la visita de la delegaci\u00f3n francesa se busc\u00f3 establecer un programa de recuperaci\u00f3n y remediaci\u00f3n del Estero Salado y la posibilidad de ejecutar un dragado en ciertos tramos del mismo, con el fin de aplicar las mejores soluciones t\u00e9cnicas para cada situaci\u00f3n encontrada durante la visita.<\/p>\n<p style=\"text-align: justify;\">La Ministra Lorena Tapia manifest\u00f3 que \u201cel Estero Salado puede ser dragado pero con una metodolog\u00eda de separaci\u00f3n entre relleno y cascajo, en relaci\u00f3n al sedimento extra\u00eddo del estero\u201d.<\/p>\n<p style=\"text-align: justify;\">El dragado va a ser de car\u00e1cter hidr\u00e1ulico, es decir, el sedimento junto con el agua van a ser extra\u00eddos, estos van a ser separados entre los componentes para obligar a un tratamiento seg\u00fan el nivel de contaminaci\u00f3n que tengan los desechos.<\/p>\n<p style=\"text-align: justify;\">\u201cEs importante transmitir a la ciudadan\u00eda guayaquile\u00f1a que se usar\u00e1 la mejor tecnolog\u00eda para descontaminar el Estero Salado, en colaboraci\u00f3n con el Instituto de Investigaci\u00f3n de Problemas Ambientales Provademse de Francia\u201d, enfatiz\u00f3 Tapia.<\/p>\n<p style=\"text-align: justify;\">A la par de este estudio, es importante identificar un sitio piloto para poder activar todos los conocimientos de este instituto. El MAE va a continuar trabajando en los estudios de la Espol, que tienen que ver con fitoremediaci\u00f3n y reforestaci\u00f3n del estero.<\/p>\n<p style=\"text-align: justify;\">Para iniciar con la descontaminaci\u00f3n se tienen que eliminar las principales causas de la falta de oxigenaci\u00f3n del estero que son los estrangulamientos existentes. Estos sitios han colapsado por el relleno de espacios que no fueron pensados para vivienda pero que fueron rellenados irresponsablemente. Debido a las alarmantes condiciones de contaminaci\u00f3n en estero es necesaria la reubicaci\u00f3n de las familias que habitan en la zona para precautelar su propia salud.<\/p>\n<p style=\"text-align: justify;\">En el recorrido t\u00e9cnico del pasado mi\u00e9rcoles, la delegaci\u00f3n francesa pudo observar de forma directa las condiciones del sector. Para ello, se visitaron v\u00eda fluvial varios sitios de la Reserva de Producci\u00f3n de Fauna Manglares del Salado como el estero Las Ranas, Puerto Lisa, Palanqueado y Mogoll\u00f3n. En el recorrido terrestre se pudo identificar las zonas de estrangulamientos y la problem\u00e1tica de los desechos en las zona del Cristo del Consuelo (Estero Las Ranas) y en la zona del Puente 4 de Noviembre (Estero Puerto Lisa).<\/p>\n<p style=\"text-align: justify;\">El Ministerio del Ambiente, como principal autoridad ambiental, ratifica el compromiso de recuperar el Estero Salado, para lo que empe\u00f1ar\u00e1 todos los esfuerzos posibles a nivel t\u00e9cnico.<\/p>\n","protected":false},"excerpt":{"rendered":"<p class=\"excerpt\">La Ministra del Ambiente, Lorena Tapia, explic\u00f3 en rueda de prensa la tarde de hoy, los avances en el Estero Salado, concernientes a la \u00faltima visita t\u00e9cnica de la delegaci\u00f3n francesa que evalu\u00f3 la zona. Por m\u00e1s de 40 a\u00f1os los guayaquile\u00f1os han sido desatendidos debido a la contaminaci\u00f3n existente. Por esta raz\u00f3n, el Ministerio del Ambiente (MAE) realiz\u00f3 un&hellip; <a href=\"https:\/\/www.ambienteyenergia.gob.ec\/ambiente\/ministra-lorena-tapia-evalua-el-estado-del-estero-salado\/\">Read more &rarr;<\/a><\/p>\n","protected":false},"author":13,"featured_media":17814,"comment_status":"open","ping_status":"open","sticky":false,"template":"","format":"standard","meta":{"footnotes":""},"categories":[16,4],"tags":[],"class_list":["post-17813","post","type-post","status-publish","format-standard","has-post-thumbnail","hentry","category-comunicamos","category-noticias","xfolkentry"],"_links":{"self":[{"href":"https:\/\/www.ambienteyenergia.gob.ec\/ambiente\/wp-json\/wp\/v2\/posts\/17813","targetHints":{"allow":["GET"]}}],"collection":[{"href":"https:\/\/www.ambienteyenergia.gob.ec\/ambiente\/wp-json\/wp\/v2\/posts"}],"about":[{"href":"https:\/\/www.ambienteyenergia.gob.ec\/ambiente\/wp-json\/wp\/v2\/types\/post"}],"author":[{"embeddable":true,"href":"https:\/\/www.ambienteyenergia.gob.ec\/ambiente\/wp-json\/wp\/v2\/users\/13"}],"replies":[{"embeddable":true,"href":"https:\/\/www.ambienteyenergia.gob.ec\/ambiente\/wp-json\/wp\/v2\/comments?post=17813"}],"version-history":[{"count":0,"href":"https:\/\/www.ambienteyenergia.gob.ec\/ambiente\/wp-json\/wp\/v2\/posts\/17813\/revisions"}],"wp:featuredmedia":[{"embeddable":true,"href":"https:\/\/www.ambienteyenergia.gob.ec\/ambiente\/wp-json\/wp\/v2\/media\/17814"}],"wp:attachment":[{"href":"https:\/\/www.ambienteyenergia.gob.ec\/ambiente\/wp-json\/wp\/v2\/media?parent=17813"}],"wp:term":[{"taxonomy":"category","embeddable":true,"href":"https:\/\/www.ambienteyenergia.gob.ec\/ambiente\/wp-json\/wp\/v2\/categories?post=17813"},{"taxonomy":"post_tag","embeddable":true,"href":"https:\/\/www.ambienteyenergia.gob.ec\/ambiente\/wp-json\/wp\/v2\/tags?post=17813"}],"curies":[{"name":"wp","href":"https:\/\/api.w.org\/{rel}","templated":true}]}}