{"id":17801,"date":"2014-01-21T14:36:38","date_gmt":"2014-01-21T19:36:38","guid":{"rendered":"http:\/\/www.ambiente.gob.ec\/?p=17801"},"modified":"2014-01-21T14:37:40","modified_gmt":"2014-01-21T19:37:40","slug":"mae-toma-acciones-respecto-a-la-introduccion-de-langosta-de-rio-en-laguna-de-yahuarcocha","status":"publish","type":"post","link":"https:\/\/www.ambienteyenergia.gob.ec\/ambiente\/mae-toma-acciones-respecto-a-la-introduccion-de-langosta-de-rio-en-laguna-de-yahuarcocha\/","title":{"rendered":"MAE toma acciones respecto a la introducci\u00f3n de langosta de r\u00edo en Laguna de Yahuarcocha"},"content":{"rendered":"<p style=\"text-align: justify;\">El Ministerio del Ambiente (MAE), luego de reunirse el pasado 22 de noviembre de 2013, con otras instituciones p\u00fablicas para plantear soluciones a corto, mediano y largo plazo respecto a la introducci\u00f3n del camar\u00f3n de r\u00edo o langosta de r\u00edo, en la Laguna de Yahuarcocha, realiz\u00f3 un acuerdo que contemplaba una serie de estudios para determinar el estado de salud de la especie e identificar si es o no apta para el consumo humano.<\/p>\n<p style=\"text-align: justify;\">Luego de los an\u00e1lisis microbiol\u00f3gicos en la musculatura de la langosta de r\u00edo, se determin\u00f3 la presencia de Aeromonas spp, bacterias que pueden generar enfermedades en el ser humano. Asimismo, en los an\u00e1lisis qu\u00edmicos de metales pesados para mercurio, cadmio y plomo se expusieron par\u00e1metros dentro de los rangos permisibles seg\u00fan la referencia normativa INEN 472. Sin embargo, hay que resaltar que las concentraciones de plomo fueron las m\u00e1s altas, en comparaci\u00f3n al nivel m\u00e1ximo permisible de estos metales analizados.<\/p>\n<p style=\"text-align: justify;\">Por este motivo, el MAE ha ejecutado jornadas de capacitaci\u00f3n y sensibilizaci\u00f3n con toda la poblaci\u00f3n del sector, con el fin de evitar que consuman esta especie y si lo hacen que sea moderadamente y con un tiempo de cocci\u00f3n mayor, que permita eliminar los posibles contaminantes.<\/p>\n<p style=\"text-align: justify;\">De la misma forma, la Direcci\u00f3n Provincial del Ambiente de Imbabura realiza constantes controles y monitoreos en coordinaci\u00f3n con la Unidad de Protecci\u00f3n del Medio Ambiente de la Polic\u00eda Nacional (UPMA), con el fin de impedir la pesca de este esp\u00e9cimen. Gracias a estas acciones conjuntas la captura ha disminuido casi por completo.<\/p>\n<p style=\"text-align: justify;\"><strong>Efectos de la introducci\u00f3n de especies invasoras<\/strong><\/p>\n<p style=\"text-align: justify;\">La introducci\u00f3n de especies invasoras genera cambios en las comunidades de animales y plantas nativas, y puede causar impactos severos en las poblaciones de camarones de r\u00edo nativos, a trav\u00e9s de la transmisi\u00f3n de enfermedades.<\/p>\n<p style=\"text-align: justify;\">Entre los efectos m\u00e1s nocivos est\u00e1n la reducci\u00f3n de la diversidad, alteraci\u00f3n de la calidad de agua y caracter\u00edsticas del sedimento y acumulaci\u00f3n de metales pesados. Adem\u00e1s, puede da\u00f1ar los sistemas de riego agr\u00edcola, impacta la industria de la pesca, y reduce las poblaciones de invertebrados, moluscos y anfibios.<\/p>\n<p style=\"text-align: justify;\">Debido a que esta especie es muy adaptable a condiciones no favorables (bajas de ox\u00edgeno, mala calidad de agua, fluctuaciones de temperatura), se debe actuar de manera r\u00e1pida para controlar su propagaci\u00f3n, m\u00e1s a\u00fan si es altamente reproductiva.<\/p>\n<p style=\"text-align: justify;\">El MAE, como principal Autoridad Ambiental, velar\u00e1 principalmente por el bienestar de la poblaci\u00f3n, as\u00ed tambi\u00e9n, por la flora y fauna de la zona, propiciando su conservaci\u00f3n sobre el de las especies introducidas.<\/p>\n","protected":false},"excerpt":{"rendered":"<p class=\"excerpt\">El Ministerio del Ambiente (MAE), luego de reunirse el pasado 22 de noviembre de 2013, con otras instituciones p\u00fablicas para plantear soluciones a corto, mediano y largo plazo respecto a la introducci\u00f3n del camar\u00f3n de r\u00edo o langosta de r\u00edo, en la Laguna de Yahuarcocha, realiz\u00f3 un acuerdo que contemplaba una serie de estudios para determinar el estado de salud&hellip; <a href=\"https:\/\/www.ambienteyenergia.gob.ec\/ambiente\/mae-toma-acciones-respecto-a-la-introduccion-de-langosta-de-rio-en-laguna-de-yahuarcocha\/\">Read more &rarr;<\/a><\/p>\n","protected":false},"author":13,"featured_media":17364,"comment_status":"open","ping_status":"open","sticky":false,"template":"","format":"standard","meta":{"footnotes":""},"categories":[16,4],"tags":[53,54,404],"class_list":["post-17801","post","type-post","status-publish","format-standard","has-post-thumbnail","hentry","category-comunicamos","category-noticias","tag-mae","tag-ministerio-del-ambiente","tag-yahuarcocha","xfolkentry"],"_links":{"self":[{"href":"https:\/\/www.ambienteyenergia.gob.ec\/ambiente\/wp-json\/wp\/v2\/posts\/17801","targetHints":{"allow":["GET"]}}],"collection":[{"href":"https:\/\/www.ambienteyenergia.gob.ec\/ambiente\/wp-json\/wp\/v2\/posts"}],"about":[{"href":"https:\/\/www.ambienteyenergia.gob.ec\/ambiente\/wp-json\/wp\/v2\/types\/post"}],"author":[{"embeddable":true,"href":"https:\/\/www.ambienteyenergia.gob.ec\/ambiente\/wp-json\/wp\/v2\/users\/13"}],"replies":[{"embeddable":true,"href":"https:\/\/www.ambienteyenergia.gob.ec\/ambiente\/wp-json\/wp\/v2\/comments?post=17801"}],"version-history":[{"count":0,"href":"https:\/\/www.ambienteyenergia.gob.ec\/ambiente\/wp-json\/wp\/v2\/posts\/17801\/revisions"}],"wp:featuredmedia":[{"embeddable":true,"href":"https:\/\/www.ambienteyenergia.gob.ec\/ambiente\/wp-json\/wp\/v2\/media\/17364"}],"wp:attachment":[{"href":"https:\/\/www.ambienteyenergia.gob.ec\/ambiente\/wp-json\/wp\/v2\/media?parent=17801"}],"wp:term":[{"taxonomy":"category","embeddable":true,"href":"https:\/\/www.ambienteyenergia.gob.ec\/ambiente\/wp-json\/wp\/v2\/categories?post=17801"},{"taxonomy":"post_tag","embeddable":true,"href":"https:\/\/www.ambienteyenergia.gob.ec\/ambiente\/wp-json\/wp\/v2\/tags?post=17801"}],"curies":[{"name":"wp","href":"https:\/\/api.w.org\/{rel}","templated":true}]}}