{"id":17798,"date":"2014-01-21T13:11:31","date_gmt":"2014-01-21T18:11:31","guid":{"rendered":"http:\/\/www.ambiente.gob.ec\/?p=17798"},"modified":"2014-01-21T16:35:41","modified_gmt":"2014-01-21T21:35:41","slug":"mae-entrego-certificacion-ambiental-punto-verde-a-la-empresa-ceramicas-rialto-s-a","status":"publish","type":"post","link":"https:\/\/www.ambienteyenergia.gob.ec\/ambiente\/mae-entrego-certificacion-ambiental-punto-verde-a-la-empresa-ceramicas-rialto-s-a\/","title":{"rendered":"MAE entreg\u00f3 Certificaci\u00f3n Ambiental \u201cPunto Verde\u201d a la empresa Cer\u00e1micas Rialto S.A"},"content":{"rendered":"<p style=\"text-align: justify;\">Hoy, Juan Carlos Valencia, Director Provincial del Ministerio del Ambiente de Cuenca, realiz\u00f3 la entrega de la Certificaci\u00f3n Ecuatoriana Ambiental \u201cPunto Verde\u201d a la empresa Cer\u00e1micas Rialto S.A, por la implementaci\u00f3n de un caso de producci\u00f3n limpia, en el proceso de decoraci\u00f3n de piezas cer\u00e1micas. La ceremonia oficial se desarroll\u00f3 en las instalaciones de la instituci\u00f3n premiada.<\/p>\n<p style=\"text-align: justify;\">\u201cLa entrega de un nuevo certificado Punto Verde, siempre ser\u00e1 motivo de celebraci\u00f3n para el Ministerio del Ambiente, queremos que m\u00e1s empresas sean responsables y comprometidas con el ecosistema\u201d, afirm\u00f3 Valencia, en su intervenci\u00f3n.<\/p>\n<p style=\"text-align: justify;\">La Certificaci\u00f3n Punto Verde empieza con el env\u00edo de informaci\u00f3n sobre los procesos mejorados y el ingreso de los formatos de inscripci\u00f3n y autoevaluaci\u00f3n que deber\u00e1n cumplir un m\u00ednimo de 80%, lo que demostrar\u00e1 el cumplimiento de las regulaciones ambientales. Asimismo, se realiza una visita por parte del ente certificador acreditado y t\u00e9cnicos de la Subsecretar\u00eda de Calidad Ambiental del Ministerio del Ambiente del Ecuador (MAE), para verificar el cumplimiento de todos los par\u00e1metros.<\/p>\n<p style=\"text-align: justify;\">En este caso, el reconocimiento fue otorgado por la incorporaci\u00f3n de una tecnolog\u00eda ambientalmente limpia y sana.<\/p>\n<p style=\"text-align: justify;\">Por su parte, Boris Burbano, Gerente General de Cer\u00e1micas Rialto S.A, agradeci\u00f3 la presencia del MAE y resalt\u00f3 el trabajo del actual gobierno en defensa de la industria nacional y el cuidado del ambiente. Asimismo, comparti\u00f3 con los asistentes, el futuro compromiso de Cer\u00e1micas Rialto S.A en proyectos de optimizaci\u00f3n de consumo de agua y energ\u00eda, buscando as\u00ed transformarse en una empresa ecoeficiente.<\/p>\n<p style=\"text-align: justify;\">En ese sentido, la M\u00e1xima Autoridad Ambiental est\u00e1 empe\u00f1ada en impulsar e incentivar una producci\u00f3n que garantice el desarrollo sostenible y el Buen Vivir, a trav\u00e9s de un marco regulatorio, de pol\u00edticas, estrategias e incentivos ambientales que promuevan el equilibrio de los ecosistemas, la rentabilidad econ\u00f3mica y la equidad social.<\/p>\n","protected":false},"excerpt":{"rendered":"<p class=\"excerpt\">Hoy, Juan Carlos Valencia, Director Provincial del Ministerio del Ambiente de Cuenca, realiz\u00f3 la entrega de la Certificaci\u00f3n Ecuatoriana Ambiental \u201cPunto Verde\u201d a la empresa Cer\u00e1micas Rialto S.A, por la implementaci\u00f3n de un caso de producci\u00f3n limpia, en el proceso de decoraci\u00f3n de piezas cer\u00e1micas. La ceremonia oficial se desarroll\u00f3 en las instalaciones de la instituci\u00f3n premiada. \u201cLa entrega de&hellip; <a href=\"https:\/\/www.ambienteyenergia.gob.ec\/ambiente\/mae-entrego-certificacion-ambiental-punto-verde-a-la-empresa-ceramicas-rialto-s-a\/\">Read more &rarr;<\/a><\/p>\n","protected":false},"author":13,"featured_media":17799,"comment_status":"open","ping_status":"open","sticky":false,"template":"","format":"standard","meta":{"footnotes":""},"categories":[16,4],"tags":[53,54,112],"class_list":["post-17798","post","type-post","status-publish","format-standard","has-post-thumbnail","hentry","category-comunicamos","category-noticias","tag-mae","tag-ministerio-del-ambiente","tag-punto-verde","xfolkentry"],"_links":{"self":[{"href":"https:\/\/www.ambienteyenergia.gob.ec\/ambiente\/wp-json\/wp\/v2\/posts\/17798","targetHints":{"allow":["GET"]}}],"collection":[{"href":"https:\/\/www.ambienteyenergia.gob.ec\/ambiente\/wp-json\/wp\/v2\/posts"}],"about":[{"href":"https:\/\/www.ambienteyenergia.gob.ec\/ambiente\/wp-json\/wp\/v2\/types\/post"}],"author":[{"embeddable":true,"href":"https:\/\/www.ambienteyenergia.gob.ec\/ambiente\/wp-json\/wp\/v2\/users\/13"}],"replies":[{"embeddable":true,"href":"https:\/\/www.ambienteyenergia.gob.ec\/ambiente\/wp-json\/wp\/v2\/comments?post=17798"}],"version-history":[{"count":0,"href":"https:\/\/www.ambienteyenergia.gob.ec\/ambiente\/wp-json\/wp\/v2\/posts\/17798\/revisions"}],"wp:featuredmedia":[{"embeddable":true,"href":"https:\/\/www.ambienteyenergia.gob.ec\/ambiente\/wp-json\/wp\/v2\/media\/17799"}],"wp:attachment":[{"href":"https:\/\/www.ambienteyenergia.gob.ec\/ambiente\/wp-json\/wp\/v2\/media?parent=17798"}],"wp:term":[{"taxonomy":"category","embeddable":true,"href":"https:\/\/www.ambienteyenergia.gob.ec\/ambiente\/wp-json\/wp\/v2\/categories?post=17798"},{"taxonomy":"post_tag","embeddable":true,"href":"https:\/\/www.ambienteyenergia.gob.ec\/ambiente\/wp-json\/wp\/v2\/tags?post=17798"}],"curies":[{"name":"wp","href":"https:\/\/api.w.org\/{rel}","templated":true}]}}