{"id":17785,"date":"2014-01-20T20:15:08","date_gmt":"2014-01-21T01:15:08","guid":{"rendered":"http:\/\/www.ambiente.gob.ec\/?p=17785"},"modified":"2014-01-21T10:09:43","modified_gmt":"2014-01-21T15:09:44","slug":"mae-realiza-denuncia-formal-sobre-la-muerte-de-un-jaguar-en-sucumbios","status":"publish","type":"post","link":"https:\/\/www.ambienteyenergia.gob.ec\/ambiente\/mae-realiza-denuncia-formal-sobre-la-muerte-de-un-jaguar-en-sucumbios\/","title":{"rendered":"MAE realiza denuncia formal sobre la muerte de un jaguar en Sucumb\u00edos"},"content":{"rendered":"<p style=\"text-align: justify;\">Frente a la denuncia realizada a trav\u00e9s de las redes sociales sobre el presunto delito de cacer\u00eda de un jaguar (<i>Panthera onca<\/i>) en la ciudad de Nueva Loja, Provincia de Sucumb\u00edos, el Ministerio del Ambiente a trav\u00e9s de la Direcci\u00f3n Provincial ha iniciado un proceso de investigaci\u00f3n para recabar mayor informaci\u00f3n sobre este hecho y poder tomar acciones de car\u00e1cter administrativo y penal conforme lo establece la normativa nacional. De manera simult\u00e1nea, el Director Provincial de Sucumb\u00edos present\u00f3 al Fiscal correspondiente, la acusaci\u00f3n particular sobre este delito, de esta forma se iniciar\u00e1 la indagaci\u00f3n previa.<\/p>\n<p style=\"text-align: justify;\">El MAE toma\u00a0\u00a0esta medida amparado en el art. 437. F del C\u00f3digo Penal ecuatoriano que sanciona con cuatro a\u00f1os de prisi\u00f3n a cazadores que maten a animales en peligro de extinci\u00f3n. El mencionado art\u00edculo dice: \u201cEl que cace, capture, recolecte, extraiga o comercialice, especies de flora o fauna que est\u00e9n legalmente protegidas, contraviniendo las disposiciones legales y reglamentarias sobre la materia, ser\u00e1 reprimido con prisi\u00f3n de uno a tres a\u00f1os. La pena ser\u00e1 de prisi\u00f3n de dos a cuatro a\u00f1os cuando: a) El hecho se cometa en periodo de producci\u00f3n de semilla o de reproducci\u00f3n o crecimiento de las especies; b) El hecho se cometa contra especies en peligro de extinci\u00f3n; o, c) El hecho se cometa mediante el uso de explosivos, sustancias t\u00f3xicas, inflamables o radiactivas\u201d. El debido proceso sigue de la mano de la Fiscal\u00eda y se respetar\u00e1 los plazos establecidos en la Ley.<\/p>\n<p style=\"text-align: justify;\">Tambi\u00e9n se abrir\u00e1 un proceso administrativo\u00a0\u00a0con base en la\u00a0\u00a0Ley Forestal y de Conservaci\u00f3n de \u00c1reas Naturales y Vida Silvestre\u00a0\u00a0que en su art. 78.- menciona:\u00a0\u00a0\u201c<i>Quien pode, tale, descortece, destruya, altere, adquiera, transporte, comercialice, o utilice los productos de vida silvestre sin el correspondiente contrato, licencia o autorizaci\u00f3n de aprovechamiento a que estuviera legalmente obligado, o que, teni\u00e9ndolos, se exceda de lo autorizado, ser\u00e1 sancionados con multas equivalentes al valor de uno a diez salarios m\u00ednimos vitales generales y el decomiso de los productos<\/i>\u201d.<\/p>\n<p style=\"text-align: justify;\">El Ministerio del Ambiente vigila el cumplimiento de lo establecido en la normativa vigente, como es la conservaci\u00f3n, protecci\u00f3n y administraci\u00f3n de las especies de fauna silvestre, para lo cual; controla la cacer\u00eda, recolecci\u00f3n, aprehensi\u00f3n, transporte y tr\u00e1fico de animales y otros elementos de la fauna y flora silvestres, protege y evita la eliminaci\u00f3n de las especies de flora y fauna silvestres amenazadas o en proceso de extinci\u00f3n.<\/p>\n<p style=\"text-align: justify;\">Con el objetivo de disminuir las amenazas y riesgos a la vida silvestre es necesario que la sociedad civil tome conciencia sobre el rol ecol\u00f3gico que cumplen estas especies dentro de sus bosques, para lo cual el MAE fortalecer\u00e1 en esta y en el resto de provincias, las campa\u00f1as de sensibilizaci\u00f3n y educaci\u00f3n respecto a la conservaci\u00f3n de la biodiversidad.<\/p>\n<p style=\"text-align: justify;\">Es importante contar con el apoyo de la sociedad para realizar las denuncias frente a estos delitos contra la naturaleza, el MAE como ente regulador iniciar\u00e1 los procesos administrativos correspondientes y brindar\u00e1 toda la informaci\u00f3n necesaria a las instituciones de juzgamiento de delitos (Fiscal\u00eda) para que se sancione al infractor seg\u00fan lo estipulado en la ley.<\/p>\n<p style=\"text-align: justify;\">Finalmente se\u00f1alar que el MAE, como autoridad ambiental en el pa\u00eds, no escatimar\u00e1 en esfuerzos para gestionar las denuncias que se reciben por medio de las plataformas virtuales,\u00a0\u00a0sin embargo, es necesario un adecuado manejo de informaci\u00f3n. Las denuncias de este tipo deben registrarse en la plataforma MAE Transparente (<a href=\"http:\/\/bit.ly\/1dK1Ad9\" target=\"_blank\">http:\/\/bit.ly\/1dK1Ad9<\/a>)\u00a0\u00a0para no alertar los sospechosos sobre las acciones que se toman conforme lo dicta la normativa ambiental vigente.<\/p>\n<p style=\"text-align: justify;\">\n","protected":false},"excerpt":{"rendered":"<p class=\"excerpt\">Frente a la denuncia realizada a trav\u00e9s de las redes sociales sobre el presunto delito de cacer\u00eda de un jaguar (Panthera onca) en la ciudad de Nueva Loja, Provincia de Sucumb\u00edos, el Ministerio del Ambiente a trav\u00e9s de la Direcci\u00f3n Provincial ha iniciado un proceso de investigaci\u00f3n para recabar mayor informaci\u00f3n sobre este hecho y poder tomar acciones de car\u00e1cter&hellip; <a href=\"https:\/\/www.ambienteyenergia.gob.ec\/ambiente\/mae-realiza-denuncia-formal-sobre-la-muerte-de-un-jaguar-en-sucumbios\/\">Read more &rarr;<\/a><\/p>\n","protected":false},"author":13,"featured_media":17364,"comment_status":"open","ping_status":"open","sticky":false,"template":"","format":"standard","meta":{"footnotes":""},"categories":[16,4],"tags":[403,402,108,53,191,331],"class_list":["post-17785","post","type-post","status-publish","format-standard","has-post-thumbnail","hentry","category-comunicamos","category-noticias","tag-biodiversidad","tag-jaguar","tag-lorena-tapia","tag-mae","tag-minsterio-del-ambiente","tag-vida-silvesre","xfolkentry"],"_links":{"self":[{"href":"https:\/\/www.ambienteyenergia.gob.ec\/ambiente\/wp-json\/wp\/v2\/posts\/17785","targetHints":{"allow":["GET"]}}],"collection":[{"href":"https:\/\/www.ambienteyenergia.gob.ec\/ambiente\/wp-json\/wp\/v2\/posts"}],"about":[{"href":"https:\/\/www.ambienteyenergia.gob.ec\/ambiente\/wp-json\/wp\/v2\/types\/post"}],"author":[{"embeddable":true,"href":"https:\/\/www.ambienteyenergia.gob.ec\/ambiente\/wp-json\/wp\/v2\/users\/13"}],"replies":[{"embeddable":true,"href":"https:\/\/www.ambienteyenergia.gob.ec\/ambiente\/wp-json\/wp\/v2\/comments?post=17785"}],"version-history":[{"count":0,"href":"https:\/\/www.ambienteyenergia.gob.ec\/ambiente\/wp-json\/wp\/v2\/posts\/17785\/revisions"}],"wp:featuredmedia":[{"embeddable":true,"href":"https:\/\/www.ambienteyenergia.gob.ec\/ambiente\/wp-json\/wp\/v2\/media\/17364"}],"wp:attachment":[{"href":"https:\/\/www.ambienteyenergia.gob.ec\/ambiente\/wp-json\/wp\/v2\/media?parent=17785"}],"wp:term":[{"taxonomy":"category","embeddable":true,"href":"https:\/\/www.ambienteyenergia.gob.ec\/ambiente\/wp-json\/wp\/v2\/categories?post=17785"},{"taxonomy":"post_tag","embeddable":true,"href":"https:\/\/www.ambienteyenergia.gob.ec\/ambiente\/wp-json\/wp\/v2\/tags?post=17785"}],"curies":[{"name":"wp","href":"https:\/\/api.w.org\/{rel}","templated":true}]}}