{"id":17764,"date":"2014-01-20T14:05:31","date_gmt":"2014-01-20T19:05:31","guid":{"rendered":"http:\/\/www.ambiente.gob.ec\/?p=17764"},"modified":"2014-01-20T15:43:49","modified_gmt":"2014-01-20T20:43:49","slug":"proyecto-de-recuperacion-y-manejo-de-la-laguna-de-colta-en-chimborazo-finaliza-con-buenos-resultados","status":"publish","type":"post","link":"https:\/\/www.ambienteyenergia.gob.ec\/ambiente\/proyecto-de-recuperacion-y-manejo-de-la-laguna-de-colta-en-chimborazo-finaliza-con-buenos-resultados\/","title":{"rendered":"Proyecto de Recuperaci\u00f3n y Manejo de la Laguna de Colta en Chimborazo, finaliza con buenos resultados"},"content":{"rendered":"<p style=\"text-align: justify;\">En 2011, el Presidente del Ecuador Rafael Correa, a trav\u00e9s del Ministerio del Ambiente (MAE) asumi\u00f3 el compromiso de recuperar la Laguna de Colta, recurso h\u00eddrico natural y cultural del pueblo Puruwa. Durante y despu\u00e9s de los trabajos de recuperaci\u00f3n, el proyecto favoreci\u00f3 a 11 comunidades y tres barrios de las parroquias de Santiago de Quito y Sicalpa del cant\u00f3n Colta, ciudadan\u00eda que se benefici\u00f3 de los siguientes resultados:<\/p>\n<p style=\"text-align: justify;\">\u2022 75.678 m3 de sedimento dragado.<\/p>\n<p style=\"text-align: justify;\">\u2022 12 hect\u00e1reas de totora retirada.<\/p>\n<p style=\"text-align: justify;\">\u2022 4900 jornales.<\/p>\n<p style=\"text-align: justify;\">Una vez concluido el plazo de ejecuci\u00f3n de los trabajos, la Direcci\u00f3n Provincial del Ambiente de Chimborazo y el Gobierno Aut\u00f3nomo Descentralizado del cant\u00f3n, se reunieron para finalizar el informe del Proyecto de \u201cRecuperaci\u00f3n y Manejo de la Laguna de Colta\u201d.<\/p>\n<p style=\"text-align: justify;\">El monto total de inversi\u00f3n, para el proceso de sedimentaci\u00f3n fue de $ 1\u00b4457,464.60, del cual el 75% lo entreg\u00f3 el MAE y la contraparte lo aport\u00f3 el GAD del cant\u00f3n. Cabe mencionar que el dinero se utiliz\u00f3 para la adquisici\u00f3n de una draga, de una mini excavadora y de maquinarias destinadas a cortar la totora de ra\u00edz y sacar los sedimentos.<\/p>\n<p style=\"text-align: justify;\">Adem\u00e1s, en las \u00e1reas aleda\u00f1as al espejo de agua, se reforestaron alrededor de 215 hect\u00e1reas con plantas nativas del lugar, resultados positivos que demuestran el compromiso del MAE por el ecosistema y la ciudadan\u00eda.<\/p>\n","protected":false},"excerpt":{"rendered":"<p class=\"excerpt\">En 2011, el Presidente del Ecuador Rafael Correa, a trav\u00e9s del Ministerio del Ambiente (MAE) asumi\u00f3 el compromiso de recuperar la Laguna de Colta, recurso h\u00eddrico natural y cultural del pueblo Puruwa. Durante y despu\u00e9s de los trabajos de recuperaci\u00f3n, el proyecto favoreci\u00f3 a 11 comunidades y tres barrios de las parroquias de Santiago de Quito y Sicalpa del cant\u00f3n&hellip; <a href=\"https:\/\/www.ambienteyenergia.gob.ec\/ambiente\/proyecto-de-recuperacion-y-manejo-de-la-laguna-de-colta-en-chimborazo-finaliza-con-buenos-resultados\/\">Read more &rarr;<\/a><\/p>\n","protected":false},"author":13,"featured_media":17765,"comment_status":"open","ping_status":"open","sticky":false,"template":"","format":"standard","meta":{"footnotes":""},"categories":[16,4],"tags":[],"class_list":["post-17764","post","type-post","status-publish","format-standard","has-post-thumbnail","hentry","category-comunicamos","category-noticias","xfolkentry"],"_links":{"self":[{"href":"https:\/\/www.ambienteyenergia.gob.ec\/ambiente\/wp-json\/wp\/v2\/posts\/17764","targetHints":{"allow":["GET"]}}],"collection":[{"href":"https:\/\/www.ambienteyenergia.gob.ec\/ambiente\/wp-json\/wp\/v2\/posts"}],"about":[{"href":"https:\/\/www.ambienteyenergia.gob.ec\/ambiente\/wp-json\/wp\/v2\/types\/post"}],"author":[{"embeddable":true,"href":"https:\/\/www.ambienteyenergia.gob.ec\/ambiente\/wp-json\/wp\/v2\/users\/13"}],"replies":[{"embeddable":true,"href":"https:\/\/www.ambienteyenergia.gob.ec\/ambiente\/wp-json\/wp\/v2\/comments?post=17764"}],"version-history":[{"count":0,"href":"https:\/\/www.ambienteyenergia.gob.ec\/ambiente\/wp-json\/wp\/v2\/posts\/17764\/revisions"}],"wp:featuredmedia":[{"embeddable":true,"href":"https:\/\/www.ambienteyenergia.gob.ec\/ambiente\/wp-json\/wp\/v2\/media\/17765"}],"wp:attachment":[{"href":"https:\/\/www.ambienteyenergia.gob.ec\/ambiente\/wp-json\/wp\/v2\/media?parent=17764"}],"wp:term":[{"taxonomy":"category","embeddable":true,"href":"https:\/\/www.ambienteyenergia.gob.ec\/ambiente\/wp-json\/wp\/v2\/categories?post=17764"},{"taxonomy":"post_tag","embeddable":true,"href":"https:\/\/www.ambienteyenergia.gob.ec\/ambiente\/wp-json\/wp\/v2\/tags?post=17764"}],"curies":[{"name":"wp","href":"https:\/\/api.w.org\/{rel}","templated":true}]}}