{"id":17760,"date":"2014-01-20T14:01:12","date_gmt":"2014-01-20T19:01:12","guid":{"rendered":"http:\/\/www.ambiente.gob.ec\/?p=17760"},"modified":"2014-01-20T14:50:49","modified_gmt":"2014-01-20T19:50:49","slug":"presentacion-del-inicio-de-los-estudios-para-la-gestion-integral-de-residuos-solidos-generados-por-la-mancomunidad-sumak","status":"publish","type":"post","link":"https:\/\/www.ambienteyenergia.gob.ec\/ambiente\/presentacion-del-inicio-de-los-estudios-para-la-gestion-integral-de-residuos-solidos-generados-por-la-mancomunidad-sumak\/","title":{"rendered":"Presentaci\u00f3n del inicio de los estudios para la Gesti\u00f3n Integral de Residuos S\u00f3lidos generados por la Mancomunidad Sumak Kawsay"},"content":{"rendered":"<p style=\"text-align: justify;\">El pr\u00f3ximo 22 de enero, el Ministerio del Ambiente del Ecuador (MAE), a trav\u00e9s del Programa Nacional de Gesti\u00f3n de Residuos S\u00f3lidos, en el Palacio de Cristal de Quevedo promover\u00e1 el fortalecimiento de los procesos de gesti\u00f3n integral de residuos, bajo par\u00e1metros innovadores y tecnificados, que minimicen el impacto ambiental y mejoren la calidad de vida de las y los ecuatorianos.<\/p>\n<p style=\"text-align: justify;\">Uno de los grandes desaf\u00edos que enfrentan los pa\u00edses y gobiernos locales en todo el mundo es el manejo de los desechos s\u00f3lidos, debido al crecimiento urban\u00edstico el volumen de desperdicios va en aumento. Frente a este panorama, el (MAE) ha asumido el reto y compromiso de establecer para los ciudadanos condiciones de vida adecuadas.<\/p>\n<p style=\"text-align: justify;\">El modelo de residuos s\u00f3lidos es una forma de contribuir al Plan Nacional del Buen Vivir, que promueve el Gobierno central.\u00a0 Un proyecto de tal magnitud demanda unir esfuerzo, voluntad y recursos de los diversos sectores involucrados.<\/p>\n<p style=\"text-align: justify;\">Esta Cartera de Estado apoya el fortalecimiento de gesti\u00f3n de basura en Quevedo, considera que el manejo integral de desechos s\u00f3lidos es un pilar fundamental para constituirse en un ejemplo de gesti\u00f3n y un testimonio de cooperaci\u00f3n nacional.<\/p>\n<p style=\"text-align: justify;\"><a href=\"http:\/\/www.ambienteyenergia.gob.ec\/ambiente\/wp-content\/uploads\/2014\/01\/invitacion-sumak-kawsay.jpg\"><img loading=\"lazy\" decoding=\"async\" class=\"aligncenter size-full wp-image-17762\" alt=\"invitacion-sumak-kawsay\" src=\"http:\/\/www.ambienteyenergia.gob.ec\/ambiente\/wp-content\/uploads\/2014\/01\/invitacion-sumak-kawsay.jpg\" width=\"1000\" height=\"703\" srcset=\"https:\/\/www.ambienteyenergia.gob.ec\/ambiente\/wp-content\/uploads\/sites\/2\/2014\/01\/invitacion-sumak-kawsay.jpg 1000w, https:\/\/www.ambienteyenergia.gob.ec\/ambiente\/wp-content\/uploads\/sites\/2\/2014\/01\/invitacion-sumak-kawsay-300x210.jpg 300w, https:\/\/www.ambienteyenergia.gob.ec\/ambiente\/wp-content\/uploads\/sites\/2\/2014\/01\/invitacion-sumak-kawsay-426x300.jpg 426w\" sizes=\"auto, (max-width: 1000px) 100vw, 1000px\" \/><\/a><\/p>\n","protected":false},"excerpt":{"rendered":"<p class=\"excerpt\">El pr\u00f3ximo 22 de enero, el Ministerio del Ambiente del Ecuador (MAE), a trav\u00e9s del Programa Nacional de Gesti\u00f3n de Residuos S\u00f3lidos, en el Palacio de Cristal de Quevedo promover\u00e1 el fortalecimiento de los procesos de gesti\u00f3n integral de residuos, bajo par\u00e1metros innovadores y tecnificados, que minimicen el impacto ambiental y mejoren la calidad de vida de las y los&hellip; <a href=\"https:\/\/www.ambienteyenergia.gob.ec\/ambiente\/presentacion-del-inicio-de-los-estudios-para-la-gestion-integral-de-residuos-solidos-generados-por-la-mancomunidad-sumak\/\">Read more &rarr;<\/a><\/p>\n","protected":false},"author":13,"featured_media":17761,"comment_status":"open","ping_status":"open","sticky":false,"template":"","format":"standard","meta":{"footnotes":""},"categories":[16,4],"tags":[],"class_list":["post-17760","post","type-post","status-publish","format-standard","has-post-thumbnail","hentry","category-comunicamos","category-noticias","xfolkentry"],"_links":{"self":[{"href":"https:\/\/www.ambienteyenergia.gob.ec\/ambiente\/wp-json\/wp\/v2\/posts\/17760","targetHints":{"allow":["GET"]}}],"collection":[{"href":"https:\/\/www.ambienteyenergia.gob.ec\/ambiente\/wp-json\/wp\/v2\/posts"}],"about":[{"href":"https:\/\/www.ambienteyenergia.gob.ec\/ambiente\/wp-json\/wp\/v2\/types\/post"}],"author":[{"embeddable":true,"href":"https:\/\/www.ambienteyenergia.gob.ec\/ambiente\/wp-json\/wp\/v2\/users\/13"}],"replies":[{"embeddable":true,"href":"https:\/\/www.ambienteyenergia.gob.ec\/ambiente\/wp-json\/wp\/v2\/comments?post=17760"}],"version-history":[{"count":0,"href":"https:\/\/www.ambienteyenergia.gob.ec\/ambiente\/wp-json\/wp\/v2\/posts\/17760\/revisions"}],"wp:featuredmedia":[{"embeddable":true,"href":"https:\/\/www.ambienteyenergia.gob.ec\/ambiente\/wp-json\/wp\/v2\/media\/17761"}],"wp:attachment":[{"href":"https:\/\/www.ambienteyenergia.gob.ec\/ambiente\/wp-json\/wp\/v2\/media?parent=17760"}],"wp:term":[{"taxonomy":"category","embeddable":true,"href":"https:\/\/www.ambienteyenergia.gob.ec\/ambiente\/wp-json\/wp\/v2\/categories?post=17760"},{"taxonomy":"post_tag","embeddable":true,"href":"https:\/\/www.ambienteyenergia.gob.ec\/ambiente\/wp-json\/wp\/v2\/tags?post=17760"}],"curies":[{"name":"wp","href":"https:\/\/api.w.org\/{rel}","templated":true}]}}