{"id":17758,"date":"2014-01-20T12:48:54","date_gmt":"2014-01-20T17:48:54","guid":{"rendered":"http:\/\/www.ambiente.gob.ec\/?p=17758"},"modified":"2014-01-20T15:17:25","modified_gmt":"2014-01-20T20:17:25","slug":"mae-mejora-infraestructura-en-reserva-limoncocha","status":"publish","type":"post","link":"https:\/\/www.ambienteyenergia.gob.ec\/ambiente\/mae-mejora-infraestructura-en-reserva-limoncocha\/","title":{"rendered":"MAE mejora infraestructura en Reserva Limoncocha"},"content":{"rendered":"<p style=\"text-align: justify;\">El Ministerio del Ambiente del Ecuador (MAE), a trav\u00e9s de la Subsecretaria de Patrimonio, realiz\u00f3 d\u00edas atr\u00e1s un recorrido en la Reserva Biol\u00f3gica de Limoncocha, ubicada en la provincia de Sucumb\u00edos. La visita pretendi\u00f3 constatar la infraestructura tur\u00edstica e\u00a0 instalaciones del lugar.<\/p>\n<p style=\"text-align: justify;\">El Ing. Christian Ter\u00e1n, Subsecretario de Patrimonio Natural, se\u00f1al\u00f3 que esta Cartera de Estado esta empe\u00f1ada en mejorar las condiciones f\u00edsicas y tur\u00edsticas de las \u00e1reas protegidas en todo el pa\u00eds.<\/p>\n<p style=\"text-align: justify;\">Ter\u00e1n indic\u00f3 adem\u00e1s que el Gobierno Nacional trabaja permanentemente, con los\u00a0 habitantes de dichas \u00e1reas para promover un turismo responsable y sostenible.<\/p>\n<p style=\"text-align: justify;\">En el caso de la Reserva Limoncocha, esta cartera de Estado apoya a ind\u00edgenas de nacionalidad Kichwa, habitantes de la Reserva, quienes realizan recorridos con turistas y visitantes en bote, para fomentar la observaci\u00f3n de la abundante biodiversidad, flora y fauna del lugar.<\/p>\n<p style=\"text-align: justify;\">El Subsecretario de Patrimonio explic\u00f3 que se trata de una nueva visi\u00f3n de pa\u00eds y sobre todo de desarrollo. \u00abLos habitantes de nuestras \u00e1reas protegidas son ejes estrat\u00e9gicos que permiten impulsar actividades tur\u00edsticas responsables con el ambiente\u00bb, expres\u00f3.<\/p>\n<p style=\"text-align: justify;\">El MAE registra 49 \u00e1reas protegidas en todo el pa\u00eds. Los estudios realizados espec\u00edficamente en la Reserva Limoncocha demuestran la presencia de tres ecosistemas: acu\u00e1ticos, conformados por las lagunas y r\u00edos; inundados, que se encuentran en las riberas de r\u00edos y lagunas, y, en las zonas mas alejadas, el bosque h\u00famedo tropical de tierra firme.<\/p>\n<p style=\"text-align: justify;\">Tambi\u00e9n los inventarios revelan la existencia de 114 especies de aves, 55 de mam\u00edferos, 39 de reptiles, 53 de anfibios y 93 de peces. Los animales propios del lugar son: garzas, patos, hoazine, martines pescadores y en la noche los visitantes pueden advertir caimanes de hasta 4 metros de largo.<\/p>\n<p style=\"text-align: justify;\">El Gobierno de la Revoluci\u00f3n Ciudadana, a trav\u00e9s de este Ministerio ha implementado la intervenci\u00f3n hist\u00f3rica de la infraestructura de uso publico de las \u00e1reas protegidas desde el 2010.<\/p>\n<p style=\"text-align: justify;\"><b>Datos de inter\u00e9s:<\/b><\/p>\n<ul style=\"text-align: justify;\">\n<li>Limoncocha significa \u201caguas verdes y tiene una magnitud de 7km de largo y 3km de ancho, esta laguna contin\u00faa su recorrido hacia el Napo.<\/li>\n<li>La Comunidad kichwa de Pompeya se encuentra fuera de la Reserva en una isla en la mitad del r\u00edo Napo. En este lugar funciona el Centro de Investigaciones Culturales de la Amazon\u00eda Ecuatoriana (CICAME).<\/li>\n<li>Esta reserva se cre\u00f3 en septiembre de 1985.<\/li>\n<\/ul>\n<div id='gallery-1' class='gallery galleryid-17758 gallery-columns-3 gallery-size-thumbnail'><dl class='gallery-item'>\n\t\t\t<dt class='gallery-icon landscape'>\n\t\t\t\t<a href='https:\/\/www.ambienteyenergia.gob.ec\/ambiente\/presentacion-del-inicio-de-los-estudios-para-la-gestion-integral-de-residuos-solidos-generados-por-la-mancomunidad-sumak\/7-14\/'><img loading=\"lazy\" decoding=\"async\" width=\"150\" height=\"150\" src=\"https:\/\/www.ambienteyenergia.gob.ec\/ambiente\/wp-content\/uploads\/sites\/2\/2014\/01\/7-150x150.jpg\" class=\"attachment-thumbnail size-thumbnail\" alt=\"\" \/><\/a>\n\t\t\t<\/dt><\/dl><dl class='gallery-item'>\n\t\t\t<dt class='gallery-icon landscape'>\n\t\t\t\t<a href='https:\/\/www.ambienteyenergia.gob.ec\/ambiente\/presentacion-del-inicio-de-los-estudios-para-la-gestion-integral-de-residuos-solidos-generados-por-la-mancomunidad-sumak\/6-21\/'><img loading=\"lazy\" decoding=\"async\" width=\"150\" height=\"150\" src=\"https:\/\/www.ambienteyenergia.gob.ec\/ambiente\/wp-content\/uploads\/sites\/2\/2014\/01\/6-150x150.jpg\" class=\"attachment-thumbnail size-thumbnail\" alt=\"\" \/><\/a>\n\t\t\t<\/dt><\/dl><dl class='gallery-item'>\n\t\t\t<dt class='gallery-icon landscape'>\n\t\t\t\t<a href='https:\/\/www.ambienteyenergia.gob.ec\/ambiente\/presentacion-del-inicio-de-los-estudios-para-la-gestion-integral-de-residuos-solidos-generados-por-la-mancomunidad-sumak\/5-23\/'><img loading=\"lazy\" decoding=\"async\" width=\"150\" height=\"150\" src=\"https:\/\/www.ambienteyenergia.gob.ec\/ambiente\/wp-content\/uploads\/sites\/2\/2014\/01\/5-150x150.jpg\" class=\"attachment-thumbnail size-thumbnail\" alt=\"\" \/><\/a>\n\t\t\t<\/dt><\/dl><br style=\"clear: both\" \/><dl class='gallery-item'>\n\t\t\t<dt class='gallery-icon landscape'>\n\t\t\t\t<a href='https:\/\/www.ambienteyenergia.gob.ec\/ambiente\/presentacion-del-inicio-de-los-estudios-para-la-gestion-integral-de-residuos-solidos-generados-por-la-mancomunidad-sumak\/4-28\/'><img loading=\"lazy\" decoding=\"async\" width=\"150\" height=\"150\" src=\"https:\/\/www.ambienteyenergia.gob.ec\/ambiente\/wp-content\/uploads\/sites\/2\/2014\/01\/4-150x150.jpg\" class=\"attachment-thumbnail size-thumbnail\" alt=\"\" \/><\/a>\n\t\t\t<\/dt><\/dl><dl class='gallery-item'>\n\t\t\t<dt class='gallery-icon landscape'>\n\t\t\t\t<a href='https:\/\/www.ambienteyenergia.gob.ec\/ambiente\/presentacion-del-inicio-de-los-estudios-para-la-gestion-integral-de-residuos-solidos-generados-por-la-mancomunidad-sumak\/3-37\/'><img loading=\"lazy\" decoding=\"async\" width=\"150\" height=\"150\" src=\"https:\/\/www.ambienteyenergia.gob.ec\/ambiente\/wp-content\/uploads\/sites\/2\/2014\/01\/3-150x150.jpg\" class=\"attachment-thumbnail size-thumbnail\" alt=\"\" \/><\/a>\n\t\t\t<\/dt><\/dl>\n\t\t\t<br style='clear: both' \/>\n\t\t<\/div>\n\n","protected":false},"excerpt":{"rendered":"<p class=\"excerpt\">El Ministerio del Ambiente del Ecuador (MAE), a trav\u00e9s de la Subsecretaria de Patrimonio, realiz\u00f3 d\u00edas atr\u00e1s un recorrido en la Reserva Biol\u00f3gica de Limoncocha, ubicada en la provincia de Sucumb\u00edos. La visita pretendi\u00f3 constatar la infraestructura tur\u00edstica e\u00a0 instalaciones del lugar. El Ing. Christian Ter\u00e1n, Subsecretario de Patrimonio Natural, se\u00f1al\u00f3 que esta Cartera de Estado esta empe\u00f1ada en mejorar&hellip; <a href=\"https:\/\/www.ambienteyenergia.gob.ec\/ambiente\/mae-mejora-infraestructura-en-reserva-limoncocha\/\">Read more &rarr;<\/a><\/p>\n","protected":false},"author":13,"featured_media":17775,"comment_status":"open","ping_status":"open","sticky":false,"template":"","format":"standard","meta":{"footnotes":""},"categories":[16,4],"tags":[],"class_list":["post-17758","post","type-post","status-publish","format-standard","has-post-thumbnail","hentry","category-comunicamos","category-noticias","xfolkentry"],"_links":{"self":[{"href":"https:\/\/www.ambienteyenergia.gob.ec\/ambiente\/wp-json\/wp\/v2\/posts\/17758","targetHints":{"allow":["GET"]}}],"collection":[{"href":"https:\/\/www.ambienteyenergia.gob.ec\/ambiente\/wp-json\/wp\/v2\/posts"}],"about":[{"href":"https:\/\/www.ambienteyenergia.gob.ec\/ambiente\/wp-json\/wp\/v2\/types\/post"}],"author":[{"embeddable":true,"href":"https:\/\/www.ambienteyenergia.gob.ec\/ambiente\/wp-json\/wp\/v2\/users\/13"}],"replies":[{"embeddable":true,"href":"https:\/\/www.ambienteyenergia.gob.ec\/ambiente\/wp-json\/wp\/v2\/comments?post=17758"}],"version-history":[{"count":0,"href":"https:\/\/www.ambienteyenergia.gob.ec\/ambiente\/wp-json\/wp\/v2\/posts\/17758\/revisions"}],"wp:featuredmedia":[{"embeddable":true,"href":"https:\/\/www.ambienteyenergia.gob.ec\/ambiente\/wp-json\/wp\/v2\/media\/17775"}],"wp:attachment":[{"href":"https:\/\/www.ambienteyenergia.gob.ec\/ambiente\/wp-json\/wp\/v2\/media?parent=17758"}],"wp:term":[{"taxonomy":"category","embeddable":true,"href":"https:\/\/www.ambienteyenergia.gob.ec\/ambiente\/wp-json\/wp\/v2\/categories?post=17758"},{"taxonomy":"post_tag","embeddable":true,"href":"https:\/\/www.ambienteyenergia.gob.ec\/ambiente\/wp-json\/wp\/v2\/tags?post=17758"}],"curies":[{"name":"wp","href":"https:\/\/api.w.org\/{rel}","templated":true}]}}