{"id":17745,"date":"2014-01-18T20:21:57","date_gmt":"2014-01-19T01:21:57","guid":{"rendered":"http:\/\/www.ambiente.gob.ec\/?p=17745"},"modified":"2014-01-19T20:53:11","modified_gmt":"2014-01-20T01:53:11","slug":"ministra-del-ambiente-lorena-tapia-participo-del-gobierno-sectorial-en-sucua","status":"publish","type":"post","link":"https:\/\/www.ambienteyenergia.gob.ec\/ambiente\/ministra-del-ambiente-lorena-tapia-participo-del-gobierno-sectorial-en-sucua\/","title":{"rendered":"Ministra del Ambiente, Lorena Tapia, particip\u00f3 del Gobierno Sectorial en Suc\u00faa"},"content":{"rendered":"<p style=\"text-align: justify;\">En el marco del Gabinete Itinerante ampliado realizado en la provincia de Morona Santiago desde el d\u00eda de ayer viernes, los ministros de Estado se reunieron con el se\u00f1or Presidente de la Rep\u00fablica, economista Rafael Correa, para tratar temas de inter\u00e9s local y nacional. En horas de la noche la jornada termin\u00f3 con la tradicional Noche Cultural donde los ciudadanos compartieron un momento ameno lleno de m\u00fasica y reconocimientos a la gesti\u00f3n de la Revoluci\u00f3n Ciudadana que cambi\u00f3 la realidad de esta y muchas provincias del Ecuador.<\/p>\n<p style=\"text-align: justify;\">El d\u00eda de hoy, la Ministra del Ambiente, Lorena Tapia, en horas de la ma\u00f1ana comparti\u00f3 con los alcaldes de la provincia en un desayuno de trabajo previo al Gabinete Sectorial que se realiz\u00f3 en el Colegio Fiscomisional Mercedes Navarrete de Suc\u00faa. En este espacio las autoridades dialogaron con los sectores sociales de la provincia para exponer los programas de Gobierno, atender sus inquietudes y requerimientos en los diversos temas locales.<\/p>\n<p style=\"text-align: justify;\">Entre algunas de las preocupaciones de los moradores de Suc\u00faa y los cantones aleda\u00f1os de la provincia, est\u00e1 el control forestal y minero que se realiza por parte de las autoridades. A lo que la ministra Tapia contesto, \u201cEste Gobierno ha realizado cambios profundos en temas ambientales. Un ejemplo puntual es el Decreto de Excepci\u00f3n en Esmeraldas, medida que se analizar\u00e1 y ser\u00e1 aplicada en otros sectores para obtener m\u00e1s y mejores resultados. Ahora contamos con tecnolog\u00eda de punta que nos permite monitorear los sectores donde tenemos alertas de deforestaci\u00f3n, miner\u00eda y tala ilegal. Es mi compromiso como Ministra del Ambiente hacer frente a la problem\u00e1tica de control forestal con acciones que van de la mano con la colaboraci\u00f3n de ustedes\u201d.<\/p>\n<p style=\"text-align: justify;\">\n","protected":false},"excerpt":{"rendered":"<p class=\"excerpt\">En el marco del Gabinete Itinerante ampliado realizado en la provincia de Morona Santiago desde el d\u00eda de ayer viernes, los ministros de Estado se reunieron con el se\u00f1or Presidente de la Rep\u00fablica, economista Rafael Correa, para tratar temas de inter\u00e9s local y nacional. En horas de la noche la jornada termin\u00f3 con la tradicional Noche Cultural donde los ciudadanos&hellip; <a href=\"https:\/\/www.ambienteyenergia.gob.ec\/ambiente\/ministra-del-ambiente-lorena-tapia-participo-del-gobierno-sectorial-en-sucua\/\">Read more &rarr;<\/a><\/p>\n","protected":false},"author":13,"featured_media":17747,"comment_status":"open","ping_status":"open","sticky":false,"template":"","format":"standard","meta":{"footnotes":""},"categories":[16,4],"tags":[],"class_list":["post-17745","post","type-post","status-publish","format-standard","has-post-thumbnail","hentry","category-comunicamos","category-noticias","xfolkentry"],"_links":{"self":[{"href":"https:\/\/www.ambienteyenergia.gob.ec\/ambiente\/wp-json\/wp\/v2\/posts\/17745","targetHints":{"allow":["GET"]}}],"collection":[{"href":"https:\/\/www.ambienteyenergia.gob.ec\/ambiente\/wp-json\/wp\/v2\/posts"}],"about":[{"href":"https:\/\/www.ambienteyenergia.gob.ec\/ambiente\/wp-json\/wp\/v2\/types\/post"}],"author":[{"embeddable":true,"href":"https:\/\/www.ambienteyenergia.gob.ec\/ambiente\/wp-json\/wp\/v2\/users\/13"}],"replies":[{"embeddable":true,"href":"https:\/\/www.ambienteyenergia.gob.ec\/ambiente\/wp-json\/wp\/v2\/comments?post=17745"}],"version-history":[{"count":0,"href":"https:\/\/www.ambienteyenergia.gob.ec\/ambiente\/wp-json\/wp\/v2\/posts\/17745\/revisions"}],"wp:featuredmedia":[{"embeddable":true,"href":"https:\/\/www.ambienteyenergia.gob.ec\/ambiente\/wp-json\/wp\/v2\/media\/17747"}],"wp:attachment":[{"href":"https:\/\/www.ambienteyenergia.gob.ec\/ambiente\/wp-json\/wp\/v2\/media?parent=17745"}],"wp:term":[{"taxonomy":"category","embeddable":true,"href":"https:\/\/www.ambienteyenergia.gob.ec\/ambiente\/wp-json\/wp\/v2\/categories?post=17745"},{"taxonomy":"post_tag","embeddable":true,"href":"https:\/\/www.ambienteyenergia.gob.ec\/ambiente\/wp-json\/wp\/v2\/tags?post=17745"}],"curies":[{"name":"wp","href":"https:\/\/api.w.org\/{rel}","templated":true}]}}