{"id":17731,"date":"2014-01-17T17:33:38","date_gmt":"2014-01-17T22:33:38","guid":{"rendered":"http:\/\/www.ambiente.gob.ec\/?p=17731"},"modified":"2014-01-17T17:33:38","modified_gmt":"2014-01-17T22:33:38","slug":"video-foro-un-paisaje-vivo-inicio-la-celebracion-de-los-18-anos-del-parque-nacional-llanganates","status":"publish","type":"post","link":"https:\/\/www.ambienteyenergia.gob.ec\/ambiente\/video-foro-un-paisaje-vivo-inicio-la-celebracion-de-los-18-anos-del-parque-nacional-llanganates\/","title":{"rendered":"Video foro \u00abUn Paisaje Vivo\u00bb inici\u00f3 la celebraci\u00f3n de los 18 a\u00f1os del Parque Nacional Llanganates"},"content":{"rendered":"<p style=\"text-align: justify;\">El d\u00eda viernes 17 de enero a las 09h00, se realiz\u00f3 en el sal\u00f3n municipal del cant\u00f3n Salcedo de la provincia de Cotopaxi,\u00a0 el video Foro \u201cLlanganates un Paisaje Vivo\u201d, como una de las primeras actividades en el marco de la celebraci\u00f3n por los 18 a\u00f1os de creaci\u00f3n del Parque Nacional.<\/p>\n<p style=\"text-align: justify;\">El video tuvo una duraci\u00f3n de 11 minutos, present\u00f3 una visi\u00f3n general de los ecosistemas existentes en el \u00c1rea Protegida, mostr\u00f3 los objetos de conservaci\u00f3n y los recursos naturales m\u00e1s importantes del lugar, que aportan al desarrollo de las comunidades cercanas al Parque Nacional.<\/p>\n<p style=\"text-align: justify;\">El Bi\u00f3logo e investigador Lou Jost indic\u00f3 la trascendencia de la biodiversidad y de los nuevos hallazgos para la ciencia, as\u00ed como el valor ecol\u00f3gico del Tapir Andino, localizado en este territorio.<\/p>\n<p style=\"text-align: justify;\">El Ministerio del Ambiente del Ecuador (MAE) entreg\u00f3 certificados de reconocimiento al personal del Parque y a los dirigentes comunitarios y autoridades del cant\u00f3n Salcedo, quienes han trabajado por la conservaci\u00f3n de este hermoso lugar .<\/p>\n<p style=\"text-align: justify;\">Con este video foro, la Direcci\u00f3n Provincial del Ambiente de Tungurahua\u00a0 inicia la celebraci\u00f3n por los 18 a\u00f1os de creaci\u00f3n del Parque Nacional Llanganates e invita a la ciudadan\u00eda a participar en los eventos de socializaci\u00f3n y sensibilizaci\u00f3n ambiental, que se realizar\u00e1n hasta el mes de marzo.<\/p>\n<p style=\"text-align: justify;\"><a href=\"http:\/\/www.ambienteyenergia.gob.ec\/ambiente\/wp-content\/uploads\/2014\/01\/DSC09326.jpg\"><img loading=\"lazy\" decoding=\"async\" class=\"aligncenter size-full wp-image-17734\" alt=\"S\" src=\"http:\/\/www.ambienteyenergia.gob.ec\/ambiente\/wp-content\/uploads\/2014\/01\/DSC09326.jpg\" width=\"640\" height=\"427\" srcset=\"https:\/\/www.ambienteyenergia.gob.ec\/ambiente\/wp-content\/uploads\/sites\/2\/2014\/01\/DSC09326.jpg 640w, https:\/\/www.ambienteyenergia.gob.ec\/ambiente\/wp-content\/uploads\/sites\/2\/2014\/01\/DSC09326-300x200.jpg 300w, https:\/\/www.ambienteyenergia.gob.ec\/ambiente\/wp-content\/uploads\/sites\/2\/2014\/01\/DSC09326-449x300.jpg 449w\" sizes=\"auto, (max-width: 640px) 100vw, 640px\" \/><\/a><\/p>\n<p style=\"text-align: justify;\">\n","protected":false},"excerpt":{"rendered":"<p class=\"excerpt\">El d\u00eda viernes 17 de enero a las 09h00, se realiz\u00f3 en el sal\u00f3n municipal del cant\u00f3n Salcedo de la provincia de Cotopaxi,\u00a0 el video Foro \u201cLlanganates un Paisaje Vivo\u201d, como una de las primeras actividades en el marco de la celebraci\u00f3n por los 18 a\u00f1os de creaci\u00f3n del Parque Nacional. El video tuvo una duraci\u00f3n de 11 minutos, present\u00f3&hellip; <a href=\"https:\/\/www.ambienteyenergia.gob.ec\/ambiente\/video-foro-un-paisaje-vivo-inicio-la-celebracion-de-los-18-anos-del-parque-nacional-llanganates\/\">Read more &rarr;<\/a><\/p>\n","protected":false},"author":13,"featured_media":17733,"comment_status":"open","ping_status":"open","sticky":false,"template":"","format":"standard","meta":{"footnotes":""},"categories":[16,4],"tags":[],"class_list":["post-17731","post","type-post","status-publish","format-standard","has-post-thumbnail","hentry","category-comunicamos","category-noticias","xfolkentry"],"_links":{"self":[{"href":"https:\/\/www.ambienteyenergia.gob.ec\/ambiente\/wp-json\/wp\/v2\/posts\/17731","targetHints":{"allow":["GET"]}}],"collection":[{"href":"https:\/\/www.ambienteyenergia.gob.ec\/ambiente\/wp-json\/wp\/v2\/posts"}],"about":[{"href":"https:\/\/www.ambienteyenergia.gob.ec\/ambiente\/wp-json\/wp\/v2\/types\/post"}],"author":[{"embeddable":true,"href":"https:\/\/www.ambienteyenergia.gob.ec\/ambiente\/wp-json\/wp\/v2\/users\/13"}],"replies":[{"embeddable":true,"href":"https:\/\/www.ambienteyenergia.gob.ec\/ambiente\/wp-json\/wp\/v2\/comments?post=17731"}],"version-history":[{"count":0,"href":"https:\/\/www.ambienteyenergia.gob.ec\/ambiente\/wp-json\/wp\/v2\/posts\/17731\/revisions"}],"wp:featuredmedia":[{"embeddable":true,"href":"https:\/\/www.ambienteyenergia.gob.ec\/ambiente\/wp-json\/wp\/v2\/media\/17733"}],"wp:attachment":[{"href":"https:\/\/www.ambienteyenergia.gob.ec\/ambiente\/wp-json\/wp\/v2\/media?parent=17731"}],"wp:term":[{"taxonomy":"category","embeddable":true,"href":"https:\/\/www.ambienteyenergia.gob.ec\/ambiente\/wp-json\/wp\/v2\/categories?post=17731"},{"taxonomy":"post_tag","embeddable":true,"href":"https:\/\/www.ambienteyenergia.gob.ec\/ambiente\/wp-json\/wp\/v2\/tags?post=17731"}],"curies":[{"name":"wp","href":"https:\/\/api.w.org\/{rel}","templated":true}]}}