{"id":17726,"date":"2014-01-17T16:47:26","date_gmt":"2014-01-17T21:47:26","guid":{"rendered":"http:\/\/www.ambiente.gob.ec\/?p=17726"},"modified":"2014-01-17T16:47:26","modified_gmt":"2014-01-17T21:47:26","slug":"mae-realizo-visita-tecnica-a-proyecto-de-restauracion-ubicado-en-las-haciendas-antisana-y-contadero","status":"publish","type":"post","link":"https:\/\/www.ambienteyenergia.gob.ec\/ambiente\/mae-realizo-visita-tecnica-a-proyecto-de-restauracion-ubicado-en-las-haciendas-antisana-y-contadero\/","title":{"rendered":"MAE realiz\u00f3 visita t\u00e9cnica a proyecto de restauraci\u00f3n ubicado en las Haciendas Antisana y Contadero"},"content":{"rendered":"<p style=\"text-align: justify;\">El objetivo de la visita t\u00e9cnica, que se realiz\u00f3 el pasado 13 de enero, fue recorrer las parcelas piloto de restauraci\u00f3n de p\u00e1ramos y humedales y algunas de las estaciones de monitoreo hidrol\u00f3gico y metereol\u00f3gico, ubicadas en las Haciendas Antisana y Contadero, en la zona del Antisana. Asimismo, presentar los resultados obtenidos durante la ejecuci\u00f3n de los trabajos de restauraci\u00f3n de p\u00e1ramos a cargo del Proyecto de Adaptaci\u00f3n al Impacto del Retroceso Acelerado de los Glaciares en los Andes Tropicales (PRAA), a trav\u00e9s del Consorcio para el Desarrollo Sostenible de la Ecorregi\u00f3n Andina (CONDESAN).<\/p>\n<p style=\"text-align: justify;\">De manera paralela, se realiz\u00f3 el cierre y socializaci\u00f3n de resultados y productos de la consultor\u00eda \u201cRestauraci\u00f3n de \u00c1reas Degradadas de P\u00e1ramo a Peque\u00f1a Escala y dise\u00f1o de un Plan Piloto de Manejo Adaptativo para zonas de Amortiguamiento dentro de las microcuencas Antisana y Pita en \u00e1reas de aporte a los Sistemas de Agua Potable del Distrito Metropolitano de Quito\u201d, que ven\u00eda ejecutando el Ministerio del Ambiente (MAE), a trav\u00e9s de la Subsecretar\u00eda de Cambio Clim\u00e1tico y el proyecto PRAA, bajo la administraci\u00f3n de la Secretar\u00eda General de la Comunidad Andina.<\/p>\n<p style=\"text-align: justify;\">En los sitios visitados se pudieron apreciar distintos tipos de afectaci\u00f3n al suelo y a los servicios ambientales caracter\u00edsticos de la zona del Antisana, ocasionados por las quemas y en especial por las pr\u00e1cticas de pastoreo intensivo implementadas en esas \u00e1reas durante d\u00e9cadas (antes que la EPMAPS adquiera esos predios). Entre los impactos destacan la p\u00e9rdida de h\u00e1bitats para microfauna, alteraci\u00f3n de los procesos de regeneraci\u00f3n de las especies nativas, alteraciones en los dep\u00f3sitos de edafofauna, reducci\u00f3n de la capacidad de regulaci\u00f3n de balances h\u00eddricos y almacenamiento de agua en las microcuencas, entre otros.<\/p>\n<p style=\"text-align: justify;\">Como parte de los procesos de restauraci\u00f3n se aplican diferentes estrategias de recuperaci\u00f3n en las parcelas intervenidas, con la finalidad de evaluar su efectividad y contar con informaci\u00f3n suficiente en calidad y cantidad para emprender o replicar esfuerzos similares a mayor escala en las \u00e1reas de aporte del Sistema de Abastecimiento de Agua Potable Mica \u2013 Quito Sur.<\/p>\n<p style=\"text-align: justify;\">La meta de este piloto de adaptaci\u00f3n es generar suficiente informaci\u00f3n de base que facilite la toma de decisiones para continuar\/sostener\/escalar procesos de restauraci\u00f3n y recuperaci\u00f3n de p\u00e1ramos y humedales, y para mejorar y\/o conservar los servicios ambientales que abastecen dichos ecosistemas.<\/p>\n<p style=\"text-align: justify;\">Con fin de asegurar la generaci\u00f3n y procesamiento de la informaci\u00f3n generada por el piloto, resulta clave emprender en procesos de monitoreo y evaluaci\u00f3n t\u00e9cnica, previstos de ser ejecutados a partir de marzo de 2014 por el Fondo para la Protecci\u00f3n del Agua (FONAG), durante un intervalo de al menos dos a\u00f1os. Los datos se tomar\u00e1n cada tres meses en el primer a\u00f1o y cada seis meses en el segundo a\u00f1o.<\/p>\n<div id='gallery-1' class='gallery galleryid-17726 gallery-columns-3 gallery-size-thumbnail'><dl class='gallery-item'>\n\t\t\t<dt class='gallery-icon landscape'>\n\t\t\t\t<a href='https:\/\/www.ambienteyenergia.gob.ec\/ambiente\/mae-realizo-visita-tecnica-a-proyecto-de-restauracion-ubicado-en-las-haciendas-antisana-y-contadero\/cimg6846\/'><img loading=\"lazy\" decoding=\"async\" width=\"150\" height=\"150\" src=\"https:\/\/www.ambienteyenergia.gob.ec\/ambiente\/wp-content\/uploads\/sites\/2\/2014\/01\/CIMG6846-150x150.jpg\" class=\"attachment-thumbnail size-thumbnail\" alt=\"\" \/><\/a>\n\t\t\t<\/dt><\/dl><dl class='gallery-item'>\n\t\t\t<dt class='gallery-icon landscape'>\n\t\t\t\t<a href='https:\/\/www.ambienteyenergia.gob.ec\/ambiente\/mae-realizo-visita-tecnica-a-proyecto-de-restauracion-ubicado-en-las-haciendas-antisana-y-contadero\/cimg6881\/'><img loading=\"lazy\" decoding=\"async\" width=\"150\" height=\"150\" src=\"https:\/\/www.ambienteyenergia.gob.ec\/ambiente\/wp-content\/uploads\/sites\/2\/2014\/01\/CIMG6881-150x150.jpg\" class=\"attachment-thumbnail size-thumbnail\" alt=\"\" \/><\/a>\n\t\t\t<\/dt><\/dl>\n\t\t\t<br style='clear: both' \/>\n\t\t<\/div>\n\n","protected":false},"excerpt":{"rendered":"<p class=\"excerpt\">El objetivo de la visita t\u00e9cnica, que se realiz\u00f3 el pasado 13 de enero, fue recorrer las parcelas piloto de restauraci\u00f3n de p\u00e1ramos y humedales y algunas de las estaciones de monitoreo hidrol\u00f3gico y metereol\u00f3gico, ubicadas en las Haciendas Antisana y Contadero, en la zona del Antisana. Asimismo, presentar los resultados obtenidos durante la ejecuci\u00f3n de los trabajos de restauraci\u00f3n&hellip; <a href=\"https:\/\/www.ambienteyenergia.gob.ec\/ambiente\/mae-realizo-visita-tecnica-a-proyecto-de-restauracion-ubicado-en-las-haciendas-antisana-y-contadero\/\">Read more &rarr;<\/a><\/p>\n","protected":false},"author":13,"featured_media":17727,"comment_status":"open","ping_status":"open","sticky":false,"template":"","format":"standard","meta":{"footnotes":""},"categories":[16,4],"tags":[],"class_list":["post-17726","post","type-post","status-publish","format-standard","has-post-thumbnail","hentry","category-comunicamos","category-noticias","xfolkentry"],"_links":{"self":[{"href":"https:\/\/www.ambienteyenergia.gob.ec\/ambiente\/wp-json\/wp\/v2\/posts\/17726","targetHints":{"allow":["GET"]}}],"collection":[{"href":"https:\/\/www.ambienteyenergia.gob.ec\/ambiente\/wp-json\/wp\/v2\/posts"}],"about":[{"href":"https:\/\/www.ambienteyenergia.gob.ec\/ambiente\/wp-json\/wp\/v2\/types\/post"}],"author":[{"embeddable":true,"href":"https:\/\/www.ambienteyenergia.gob.ec\/ambiente\/wp-json\/wp\/v2\/users\/13"}],"replies":[{"embeddable":true,"href":"https:\/\/www.ambienteyenergia.gob.ec\/ambiente\/wp-json\/wp\/v2\/comments?post=17726"}],"version-history":[{"count":0,"href":"https:\/\/www.ambienteyenergia.gob.ec\/ambiente\/wp-json\/wp\/v2\/posts\/17726\/revisions"}],"wp:featuredmedia":[{"embeddable":true,"href":"https:\/\/www.ambienteyenergia.gob.ec\/ambiente\/wp-json\/wp\/v2\/media\/17727"}],"wp:attachment":[{"href":"https:\/\/www.ambienteyenergia.gob.ec\/ambiente\/wp-json\/wp\/v2\/media?parent=17726"}],"wp:term":[{"taxonomy":"category","embeddable":true,"href":"https:\/\/www.ambienteyenergia.gob.ec\/ambiente\/wp-json\/wp\/v2\/categories?post=17726"},{"taxonomy":"post_tag","embeddable":true,"href":"https:\/\/www.ambienteyenergia.gob.ec\/ambiente\/wp-json\/wp\/v2\/tags?post=17726"}],"curies":[{"name":"wp","href":"https:\/\/api.w.org\/{rel}","templated":true}]}}