{"id":17712,"date":"2014-01-17T15:11:24","date_gmt":"2014-01-17T20:11:24","guid":{"rendered":"http:\/\/www.ambiente.gob.ec\/?p=17712"},"modified":"2014-01-17T15:54:43","modified_gmt":"2014-01-17T20:54:43","slug":"mae-promueve-el-cuidado-de-halcones-avistados-en-quito-2","status":"publish","type":"post","link":"https:\/\/www.ambienteyenergia.gob.ec\/ambiente\/mae-promueve-el-cuidado-de-halcones-avistados-en-quito-2\/","title":{"rendered":"MAE promueve el cuidado de halcones avistados en Quito"},"content":{"rendered":"<p style=\"text-align: justify;\">La presencia de halcones, en algunos lugares de la ciudad de Quito, provoc\u00f3 gran incertidumbre en la poblaci\u00f3n. Las aves se avistaron muy cerca de varias viviendas de la capital, causando sorpresa en los moradores.<\/p>\n<p style=\"text-align: justify;\">Los animales silvestres tienen el instinto de evitar a los seres humanos, en el caso de encontrarlos cerca de las viviendas, hay que tomar en cuenta que es una circunstancia poco com\u00fan y que, probablemente, el ave puede estar herida o fue capturada.<\/p>\n<p style=\"text-align: justify;\">Es importante no considerar como animales peligrosos a los halcones, al contrario, ante cualquier incidente es necesario contactarse con el Ministerio del Ambiente del Ecuador (MAE) que responder\u00e1 inquietudes y tomar\u00e1 acciones ante problem\u00e1ticas relacionadas a la vida silvestre.<\/p>\n<p style=\"text-align: justify;\">Tatiana Santander, bi\u00f3loga de \u201cAves y conservaci\u00f3n\u201d, sugiri\u00f3 concienciar a la ciudadan\u00eda, sobre la proximidad de la vida silvestre, pues la ciudad est\u00e1 rodeada de parques y bosques habitados por diferentes especies que suelen llegar a las v\u00edas y necesitan de nuestra ayuda.<\/p>\n<p style=\"text-align: justify;\"><strong>\u00bfCu\u00e1ndo el zool\u00f3gico se responsabiliza de la fauna silvestre?<\/strong><\/p>\n<p style=\"text-align: justify;\">Estas medidas solo se ejecutan si el halc\u00f3n tiene un problema de salud, no puede volar, o si no posee la habilidad de sobrevivir por s\u00ed solo, pero caso contrario el objetivo primordial en todos los casos es proceder a la liberaci\u00f3n y reinserci\u00f3n de las especies.<\/p>\n<p style=\"text-align: justify;\">\n","protected":false},"excerpt":{"rendered":"<p class=\"excerpt\">La presencia de halcones, en algunos lugares de la ciudad de Quito, provoc\u00f3 gran incertidumbre en la poblaci\u00f3n. Las aves se avistaron muy cerca de varias viviendas de la capital, causando sorpresa en los moradores. Los animales silvestres tienen el instinto de evitar a los seres humanos, en el caso de encontrarlos cerca de las viviendas, hay que tomar en&hellip; <a href=\"https:\/\/www.ambienteyenergia.gob.ec\/ambiente\/mae-promueve-el-cuidado-de-halcones-avistados-en-quito-2\/\">Read more &rarr;<\/a><\/p>\n","protected":false},"author":13,"featured_media":17364,"comment_status":"open","ping_status":"open","sticky":false,"template":"","format":"standard","meta":{"footnotes":""},"categories":[16,4],"tags":[],"class_list":["post-17712","post","type-post","status-publish","format-standard","has-post-thumbnail","hentry","category-comunicamos","category-noticias","xfolkentry"],"_links":{"self":[{"href":"https:\/\/www.ambienteyenergia.gob.ec\/ambiente\/wp-json\/wp\/v2\/posts\/17712","targetHints":{"allow":["GET"]}}],"collection":[{"href":"https:\/\/www.ambienteyenergia.gob.ec\/ambiente\/wp-json\/wp\/v2\/posts"}],"about":[{"href":"https:\/\/www.ambienteyenergia.gob.ec\/ambiente\/wp-json\/wp\/v2\/types\/post"}],"author":[{"embeddable":true,"href":"https:\/\/www.ambienteyenergia.gob.ec\/ambiente\/wp-json\/wp\/v2\/users\/13"}],"replies":[{"embeddable":true,"href":"https:\/\/www.ambienteyenergia.gob.ec\/ambiente\/wp-json\/wp\/v2\/comments?post=17712"}],"version-history":[{"count":0,"href":"https:\/\/www.ambienteyenergia.gob.ec\/ambiente\/wp-json\/wp\/v2\/posts\/17712\/revisions"}],"wp:featuredmedia":[{"embeddable":true,"href":"https:\/\/www.ambienteyenergia.gob.ec\/ambiente\/wp-json\/wp\/v2\/media\/17364"}],"wp:attachment":[{"href":"https:\/\/www.ambienteyenergia.gob.ec\/ambiente\/wp-json\/wp\/v2\/media?parent=17712"}],"wp:term":[{"taxonomy":"category","embeddable":true,"href":"https:\/\/www.ambienteyenergia.gob.ec\/ambiente\/wp-json\/wp\/v2\/categories?post=17712"},{"taxonomy":"post_tag","embeddable":true,"href":"https:\/\/www.ambienteyenergia.gob.ec\/ambiente\/wp-json\/wp\/v2\/tags?post=17712"}],"curies":[{"name":"wp","href":"https:\/\/api.w.org\/{rel}","templated":true}]}}