{"id":17707,"date":"2014-01-17T14:03:03","date_gmt":"2014-01-17T19:03:03","guid":{"rendered":"http:\/\/www.ambiente.gob.ec\/?p=17707"},"modified":"2014-01-17T14:21:12","modified_gmt":"2014-01-17T19:21:12","slug":"mono-chorongo-fue-entregado-al-mae-para-su-reinsercion","status":"publish","type":"post","link":"https:\/\/www.ambienteyenergia.gob.ec\/ambiente\/mono-chorongo-fue-entregado-al-mae-para-su-reinsercion\/","title":{"rendered":"Mono chorongo fue entregado al MAE para su reinserci\u00f3n"},"content":{"rendered":"<p style=\"text-align: justify;\" align=\"JUSTIFY\">El viernes 10 de enero, se entrego de forma voluntaria a la Direcci\u00f3n Provincial del Ambiente de Orellana, un mono chorongo<i> <\/i>(lagothrix lagotricha)<i>, <\/i>el mam\u00edfero de seis meses de edad se encontraba bajo el cuidado de las personas que lo manten\u00edan en cautiverio.<\/p>\n<p style=\"text-align: justify;\" align=\"JUSTIFY\">El animal fue trasladado al zool\u00f3gico \u201cCoca Zoo\u201d por personal de Ministerio del Ambiente del Ecuador (MAE), para su respectiva revisi\u00f3n. Asimismo, luego de ser examinado, se le coloc\u00f3 un chip de identificaci\u00f3n para poder monitorearlo.<\/p>\n<p style=\"text-align: justify;\" align=\"JUSTIFY\">Hasta el momento, el animal goza de buena salud y se encuentra en per\u00edodo de cuarentena junto a otros individuos de su misma especie,\u00a0mientras se recupera por completo.<\/p>\n<p style=\"text-align: justify;\" align=\"JUSTIFY\">El MAE en calidad de m\u00e1xima autoridad ambiental continuar\u00e1 con los operativos de control y a la vez, seguir\u00e1 informando a la ciudadan\u00eda sobre la prohibici\u00f3n de tenencia de especies de vida silvestre, tambi\u00e9n hace un llamado de atenci\u00f3n, para que no conviertan a los animales en mascotas y tampoco comercialice con ellas.<\/p>\n<p style=\"text-align: justify;\" align=\"JUSTIFY\"><strong>El dato<\/strong><\/p>\n<p style=\"text-align: justify;\" align=\"JUSTIFY\">El mono chorongo se localiza desde el oriente de Colombia y Ecuador, hasta el norte de Per\u00fa y Brasil y es considerado como uno de los m\u00e1s amenazados en la Amazon\u00eda.<\/p>\n<p style=\"text-align: justify;\" align=\"JUSTIFY\">Este ejemplar fue catalogado como como una especie en peligro, en la Convenci\u00f3n sobre el Comercio Internacional de Especies Amenazadas de Fauna y Flora Silvestres (CITES) y est\u00e1 ubicado en el ap\u00e9ndice II, como una especie que a pesar de no encontrarse en peligro de extinci\u00f3n pueden llegar a estarlo, <strong>si no se regula su comercio<\/strong>.<\/p>\n","protected":false},"excerpt":{"rendered":"<p class=\"excerpt\">El viernes 10 de enero, se entrego de forma voluntaria a la Direcci\u00f3n Provincial del Ambiente de Orellana, un mono chorongo (lagothrix lagotricha), el mam\u00edfero de seis meses de edad se encontraba bajo el cuidado de las personas que lo manten\u00edan en cautiverio. El animal fue trasladado al zool\u00f3gico \u201cCoca Zoo\u201d por personal de Ministerio del Ambiente del Ecuador (MAE),&hellip; <a href=\"https:\/\/www.ambienteyenergia.gob.ec\/ambiente\/mono-chorongo-fue-entregado-al-mae-para-su-reinsercion\/\">Read more &rarr;<\/a><\/p>\n","protected":false},"author":13,"featured_media":17708,"comment_status":"open","ping_status":"open","sticky":false,"template":"","format":"standard","meta":{"footnotes":""},"categories":[16,4],"tags":[],"class_list":["post-17707","post","type-post","status-publish","format-standard","has-post-thumbnail","hentry","category-comunicamos","category-noticias","xfolkentry"],"_links":{"self":[{"href":"https:\/\/www.ambienteyenergia.gob.ec\/ambiente\/wp-json\/wp\/v2\/posts\/17707","targetHints":{"allow":["GET"]}}],"collection":[{"href":"https:\/\/www.ambienteyenergia.gob.ec\/ambiente\/wp-json\/wp\/v2\/posts"}],"about":[{"href":"https:\/\/www.ambienteyenergia.gob.ec\/ambiente\/wp-json\/wp\/v2\/types\/post"}],"author":[{"embeddable":true,"href":"https:\/\/www.ambienteyenergia.gob.ec\/ambiente\/wp-json\/wp\/v2\/users\/13"}],"replies":[{"embeddable":true,"href":"https:\/\/www.ambienteyenergia.gob.ec\/ambiente\/wp-json\/wp\/v2\/comments?post=17707"}],"version-history":[{"count":0,"href":"https:\/\/www.ambienteyenergia.gob.ec\/ambiente\/wp-json\/wp\/v2\/posts\/17707\/revisions"}],"wp:featuredmedia":[{"embeddable":true,"href":"https:\/\/www.ambienteyenergia.gob.ec\/ambiente\/wp-json\/wp\/v2\/media\/17708"}],"wp:attachment":[{"href":"https:\/\/www.ambienteyenergia.gob.ec\/ambiente\/wp-json\/wp\/v2\/media?parent=17707"}],"wp:term":[{"taxonomy":"category","embeddable":true,"href":"https:\/\/www.ambienteyenergia.gob.ec\/ambiente\/wp-json\/wp\/v2\/categories?post=17707"},{"taxonomy":"post_tag","embeddable":true,"href":"https:\/\/www.ambienteyenergia.gob.ec\/ambiente\/wp-json\/wp\/v2\/tags?post=17707"}],"curies":[{"name":"wp","href":"https:\/\/api.w.org\/{rel}","templated":true}]}}