{"id":17704,"date":"2014-01-17T13:58:47","date_gmt":"2014-01-17T18:58:47","guid":{"rendered":"http:\/\/www.ambiente.gob.ec\/?p=17704"},"modified":"2014-01-17T13:58:47","modified_gmt":"2014-01-17T18:58:47","slug":"mae-impulsa-regulacion-para-aprovechamiento-forestal","status":"publish","type":"post","link":"https:\/\/www.ambienteyenergia.gob.ec\/ambiente\/mae-impulsa-regulacion-para-aprovechamiento-forestal\/","title":{"rendered":"MAE impulsa regulaci\u00f3n para aprovechamiento forestal"},"content":{"rendered":"<p style=\"text-align: justify;\">El Ministerio del Ambiente (MAE), a trav\u00e9s de la Subsecretaria de Patrimonio,\u00a0 realiz\u00f3 un encuentro sobre el uso de la Ventanilla \u00danica de Exportaci\u00f3n (VUE), del Sistema de Administraci\u00f3n Forestal con los representantes de la Asociaci\u00f3n Ecuatoriana de Comercializadores de Teca y Maderas Tropicales (ASOTECA).<\/p>\n<p style=\"text-align: justify;\">La cita tuvo como objetivo promover el registro de las plantaciones forestales a los exportadores, adem\u00e1s del cumplimiento de los tr\u00e1mites legales de exportaci\u00f3n e importaci\u00f3n vinculados con esta Cartera de Estado.<\/p>\n<p style=\"text-align: justify;\">El Subsecretario de Patrimonio Natural, Christian Ter\u00e1n, enfatiz\u00f3 el compromiso del MAE para brindar asistencia t\u00e9cnica que permita gestionar la reforestaci\u00f3n con especies nativas en las plantaciones de los socios de ASOTECA, como corredores de linderos, zonas de protecci\u00f3n permanente como causes de agua y otras \u00e1reas donde se puedan gestionar estas actividades.<\/p>\n<p style=\"text-align: justify;\">Cabe se\u00f1alar que esta Cartera de Estado suscribi\u00f3 meses atr\u00e1s un convenio con ASOTECA, en el cual esta Asociaci\u00f3n se compromete a contribuir a la formulaci\u00f3n de proyectos relacionados al manejo de plantaciones y aprovechamiento forestal.<\/p>\n<p style=\"text-align: justify;\">Adem\u00e1s, ASOTECA facilitar\u00e1 la realizaci\u00f3n de un censo forestal en sus socios, lo cual colaborar\u00e1 a la planificaci\u00f3n log\u00edstica y acciones que implementar\u00e1 el MAE en este sector.<\/p>\n<p style=\"text-align: justify;\">Ter\u00e1n explic\u00f3 que el MAE realizar\u00e1 encuentros permanentes con diversos actores del sector forestal con el fin de gestionar el entendimiento y cumplimiento efectivo de los instrumentos y normativas que regulan el aprovechamiento forestal y el proceso de exportaciones de especies forestales.<\/p>\n<p style=\"text-align: justify;\">La ley Forestal y de Conservaci\u00f3n de \u00c1reas Naturales y Vida Silvestre en su Art\u00edculo 36 se\u00f1ala que el aprovechamiento de los bosques productores cultivados y naturales de propiedad privada se realizar\u00e1n con autorizaci\u00f3n del Ministerio del Ambiente.<\/p>\n<p style=\"text-align: justify;\">Asimismo, el Art\u00edculo 43 de la misma ley se\u00f1ala que el Ministerio supervigilar\u00e1 todas las etapas primarias de producci\u00f3n, tenencia, aprovechamiento y comercializaci\u00f3n de materias primas forestales.<\/p>\n<p style=\"text-align: justify;\">El MAE, como ente rector del sector ambiental, velar\u00e1 para un estricto cumplimiento de las leyes ecuatorianas relacionadas al aprovechamiento forestal.<\/p>\n<p style=\"text-align: justify;\">En ese sentido, los planes y programas de aprovechamiento forestal en bosques naturales deber\u00e1n incluir la sustentabilidad de la producci\u00f3n, el mantenimiento de la cobertura boscosa, la conservaci\u00f3n de la biodiversidad, entre otros factores.<\/p>\n<p style=\"text-align: justify;\">Al encuentro sobre la Ventanilla \u00danica de Exportaci\u00f3n asistieron Pablo Segale, Director Provincial del Guayas; Antonio Pino G\u00f3mez, Presidente de ASOTECA y\u00a0 representantes de alrededor de 20 empresas exportadoras.<\/p>\n<p style=\"text-align: justify;\">\n<p style=\"text-align: justify;\" align=\"center\">\n","protected":false},"excerpt":{"rendered":"<p class=\"excerpt\">El Ministerio del Ambiente (MAE), a trav\u00e9s de la Subsecretaria de Patrimonio,\u00a0 realiz\u00f3 un encuentro sobre el uso de la Ventanilla \u00danica de Exportaci\u00f3n (VUE), del Sistema de Administraci\u00f3n Forestal con los representantes de la Asociaci\u00f3n Ecuatoriana de Comercializadores de Teca y Maderas Tropicales (ASOTECA). La cita tuvo como objetivo promover el registro de las plantaciones forestales a los exportadores,&hellip; <a href=\"https:\/\/www.ambienteyenergia.gob.ec\/ambiente\/mae-impulsa-regulacion-para-aprovechamiento-forestal\/\">Read more &rarr;<\/a><\/p>\n","protected":false},"author":13,"featured_media":17705,"comment_status":"open","ping_status":"open","sticky":false,"template":"","format":"standard","meta":{"footnotes":""},"categories":[16,4],"tags":[],"class_list":["post-17704","post","type-post","status-publish","format-standard","has-post-thumbnail","hentry","category-comunicamos","category-noticias","xfolkentry"],"_links":{"self":[{"href":"https:\/\/www.ambienteyenergia.gob.ec\/ambiente\/wp-json\/wp\/v2\/posts\/17704","targetHints":{"allow":["GET"]}}],"collection":[{"href":"https:\/\/www.ambienteyenergia.gob.ec\/ambiente\/wp-json\/wp\/v2\/posts"}],"about":[{"href":"https:\/\/www.ambienteyenergia.gob.ec\/ambiente\/wp-json\/wp\/v2\/types\/post"}],"author":[{"embeddable":true,"href":"https:\/\/www.ambienteyenergia.gob.ec\/ambiente\/wp-json\/wp\/v2\/users\/13"}],"replies":[{"embeddable":true,"href":"https:\/\/www.ambienteyenergia.gob.ec\/ambiente\/wp-json\/wp\/v2\/comments?post=17704"}],"version-history":[{"count":0,"href":"https:\/\/www.ambienteyenergia.gob.ec\/ambiente\/wp-json\/wp\/v2\/posts\/17704\/revisions"}],"wp:featuredmedia":[{"embeddable":true,"href":"https:\/\/www.ambienteyenergia.gob.ec\/ambiente\/wp-json\/wp\/v2\/media\/17705"}],"wp:attachment":[{"href":"https:\/\/www.ambienteyenergia.gob.ec\/ambiente\/wp-json\/wp\/v2\/media?parent=17704"}],"wp:term":[{"taxonomy":"category","embeddable":true,"href":"https:\/\/www.ambienteyenergia.gob.ec\/ambiente\/wp-json\/wp\/v2\/categories?post=17704"},{"taxonomy":"post_tag","embeddable":true,"href":"https:\/\/www.ambienteyenergia.gob.ec\/ambiente\/wp-json\/wp\/v2\/tags?post=17704"}],"curies":[{"name":"wp","href":"https:\/\/api.w.org\/{rel}","templated":true}]}}