{"id":17698,"date":"2014-01-17T13:24:39","date_gmt":"2014-01-17T18:24:39","guid":{"rendered":"http:\/\/www.ambiente.gob.ec\/?p=17698"},"modified":"2014-01-17T15:39:46","modified_gmt":"2014-01-17T20:39:46","slug":"mae-inicio-proceso-administrativos-y-judiciales-por-muerte-de-peces-en-rio-santa-rosa","status":"publish","type":"post","link":"https:\/\/www.ambienteyenergia.gob.ec\/ambiente\/mae-inicio-proceso-administrativos-y-judiciales-por-muerte-de-peces-en-rio-santa-rosa\/","title":{"rendered":"MAE inici\u00f3 procesos administrativos y judiciales por  muerte de peces en r\u00edo Santa Rosa"},"content":{"rendered":"<p style=\"text-align: justify;\">El Ministerio del Ambiente (MAE), tras una denuncia telef\u00f3nica en la que se informa sobre la presencia de peces muertos en el r\u00edo Santa Rosa, ubicado en la provincia de El Oro, realiz\u00f3 una inspecci\u00f3n t\u00e9cnica el pasado 8 de enero, para verificar e investigar las posibles causas del suceso.<\/p>\n<p style=\"text-align: justify;\">Funcionarios del MAE recorrieron el r\u00edo desde el sitio la Avanzada, siguiendo aguas arriba hasta llegar a Sabay\u00e1n, en donde se encontraron varios peces muertos y algunos agonizantes, sin conocer a\u00fan los or\u00edgenes de este fen\u00f3meno.<\/p>\n<p style=\"text-align: justify;\">Esta Cartera de Estado, como principal autoridad ambiental, tras verificar el hecho inici\u00f3 procesos administrativos dentro del \u00e1mbito de su competencia y acciones judiciales con las autoridades correspondientes, para esclarecer este tema, por pedido de la Ministra del Ambiente, Lorena Tapia.<\/p>\n<p style=\"text-align: justify;\">Como parte del proceso, el MAE present\u00f3 un informe y lo remiti\u00f3 a la Agencia de Regulaci\u00f3n y Control Minero (ARCOM) y Subsecretar\u00eda de Minas para su conocimiento y acci\u00f3n de acuerdo a sus competencias.<\/p>\n<p style=\"text-align: justify;\">De igual forma, el 10 de enero, el MAE en coordinaci\u00f3n con delegados del Instituto Nacional de Pesca (INP), tom\u00f3 muestras en los puntos identificados en la inspecci\u00f3n, para su respectivo an\u00e1lisis.<\/p>\n<p style=\"text-align: justify;\">El MAE estar\u00e1 pendiente de este caso y vigilar\u00e1 para que lo establecido en la normativa ambiental vigente se cumpla, priorizando el bienestar de la ciudadan\u00eda.<\/p>\n<div id='gallery-1' class='gallery galleryid-17698 gallery-columns-3 gallery-size-thumbnail'><dl class='gallery-item'>\n\t\t\t<dt class='gallery-icon portrait'>\n\t\t\t\t<a href='https:\/\/www.ambienteyenergia.gob.ec\/ambiente\/mae-inicio-proceso-administrativos-y-judiciales-por-muerte-de-peces-en-rio-santa-rosa\/img_20140110_101531\/'><img loading=\"lazy\" decoding=\"async\" width=\"150\" height=\"150\" src=\"https:\/\/www.ambienteyenergia.gob.ec\/ambiente\/wp-content\/uploads\/sites\/2\/2014\/01\/IMG_20140110_101531-150x150.jpg\" class=\"attachment-thumbnail size-thumbnail\" alt=\"\" \/><\/a>\n\t\t\t<\/dt><\/dl><dl class='gallery-item'>\n\t\t\t<dt class='gallery-icon landscape'>\n\t\t\t\t<a href='https:\/\/www.ambienteyenergia.gob.ec\/ambiente\/mae-inicio-proceso-administrativos-y-judiciales-por-muerte-de-peces-en-rio-santa-rosa\/img_20140110_112804\/'><img loading=\"lazy\" decoding=\"async\" width=\"150\" height=\"150\" src=\"https:\/\/www.ambienteyenergia.gob.ec\/ambiente\/wp-content\/uploads\/sites\/2\/2014\/01\/IMG_20140110_112804-150x150.jpg\" class=\"attachment-thumbnail size-thumbnail\" alt=\"\" \/><\/a>\n\t\t\t<\/dt><\/dl>\n\t\t\t<br style='clear: both' \/>\n\t\t<\/div>\n\n","protected":false},"excerpt":{"rendered":"<p class=\"excerpt\">El Ministerio del Ambiente (MAE), tras una denuncia telef\u00f3nica en la que se informa sobre la presencia de peces muertos en el r\u00edo Santa Rosa, ubicado en la provincia de El Oro, realiz\u00f3 una inspecci\u00f3n t\u00e9cnica el pasado 8 de enero, para verificar e investigar las posibles causas del suceso. Funcionarios del MAE recorrieron el r\u00edo desde el sitio la&hellip; <a href=\"https:\/\/www.ambienteyenergia.gob.ec\/ambiente\/mae-inicio-proceso-administrativos-y-judiciales-por-muerte-de-peces-en-rio-santa-rosa\/\">Read more &rarr;<\/a><\/p>\n","protected":false},"author":13,"featured_media":17716,"comment_status":"open","ping_status":"open","sticky":false,"template":"","format":"standard","meta":{"footnotes":""},"categories":[16,4],"tags":[145,53,54,400],"class_list":["post-17698","post","type-post","status-publish","format-standard","has-post-thumbnail","hentry","category-comunicamos","category-noticias","tag-el-oro","tag-mae","tag-ministerio-del-ambiente","tag-rio","xfolkentry"],"_links":{"self":[{"href":"https:\/\/www.ambienteyenergia.gob.ec\/ambiente\/wp-json\/wp\/v2\/posts\/17698","targetHints":{"allow":["GET"]}}],"collection":[{"href":"https:\/\/www.ambienteyenergia.gob.ec\/ambiente\/wp-json\/wp\/v2\/posts"}],"about":[{"href":"https:\/\/www.ambienteyenergia.gob.ec\/ambiente\/wp-json\/wp\/v2\/types\/post"}],"author":[{"embeddable":true,"href":"https:\/\/www.ambienteyenergia.gob.ec\/ambiente\/wp-json\/wp\/v2\/users\/13"}],"replies":[{"embeddable":true,"href":"https:\/\/www.ambienteyenergia.gob.ec\/ambiente\/wp-json\/wp\/v2\/comments?post=17698"}],"version-history":[{"count":0,"href":"https:\/\/www.ambienteyenergia.gob.ec\/ambiente\/wp-json\/wp\/v2\/posts\/17698\/revisions"}],"wp:featuredmedia":[{"embeddable":true,"href":"https:\/\/www.ambienteyenergia.gob.ec\/ambiente\/wp-json\/wp\/v2\/media\/17716"}],"wp:attachment":[{"href":"https:\/\/www.ambienteyenergia.gob.ec\/ambiente\/wp-json\/wp\/v2\/media?parent=17698"}],"wp:term":[{"taxonomy":"category","embeddable":true,"href":"https:\/\/www.ambienteyenergia.gob.ec\/ambiente\/wp-json\/wp\/v2\/categories?post=17698"},{"taxonomy":"post_tag","embeddable":true,"href":"https:\/\/www.ambienteyenergia.gob.ec\/ambiente\/wp-json\/wp\/v2\/tags?post=17698"}],"curies":[{"name":"wp","href":"https:\/\/api.w.org\/{rel}","templated":true}]}}