{"id":17684,"date":"2014-01-16T17:27:58","date_gmt":"2014-01-16T22:27:58","guid":{"rendered":"http:\/\/www.ambiente.gob.ec\/?p=17684"},"modified":"2014-01-16T17:27:58","modified_gmt":"2014-01-16T22:27:58","slug":"descontaminacion-del-estero-salado-avanza-en-diferentes-frentes-de-intervencion","status":"publish","type":"post","link":"https:\/\/www.ambienteyenergia.gob.ec\/ambiente\/descontaminacion-del-estero-salado-avanza-en-diferentes-frentes-de-intervencion\/","title":{"rendered":"Descontaminaci\u00f3n del Estero Salado avanza  en diferentes frentes de intervenci\u00f3n"},"content":{"rendered":"<p style=\"text-align: justify;\">Durante varios a\u00f1os, el Estero Salado fue un espacio deteriorado, olvidado y con m\u00faltiples conflictos ambientales y sociales. Por esta raz\u00f3n, el Ministerio del Ambiente del Ecuador (MAE), a trav\u00e9s del proyecto Guayaquil Ecol\u00f3gico, trabaja en la descontaminaci\u00f3n de este importante brazo de mar, desde varios frentes como concienciaci\u00f3n y educaci\u00f3n ambiental; gesti\u00f3n de desechos s\u00f3lidos y de aguas residuales; mejoramiento de la calidad del agua y sedimento; limpieza de escombros y palafitos de las riberas; recuperaci\u00f3n de cobertura vegetal; eliminaci\u00f3n de estrangulamiento en el cauce del estero y de sedimentos en sitios espec\u00edficos determinados. El prop\u00f3sito es disminuir las fuentes de contaminaci\u00f3n del Estero Salado, hasta el a\u00f1o 2017.<\/p>\n<p style=\"text-align: justify;\">La problem\u00e1tica ambiental se focaliza en tres aspectos b\u00e1sicos: la generaci\u00f3n de descargas dom\u00e9sticas e industriales, los rellenos habitacionales que existen en los alrededores y finalmente, el mal manejo de los residuos s\u00f3lidos.<\/p>\n<p style=\"text-align: justify;\">Para ello, se ejecutan diversos componentes, a trav\u00e9s de los que se pretende promover una conciencia ecol\u00f3gica especialmente en los habitantes que se encuentran en las riberas y ramales interiores del estero. Uno de ellos, es la campa\u00f1a de <b>Educaci\u00f3n Ambiental, <\/b>en<b> <\/b>la que a trav\u00e9s de estrategias\u00a0 como <b>\u00a0<\/b>charlas en las comunidades e instituciones educativas, obras teatrales, jornadas ecol\u00f3gicas y capacitaciones puerta a puerta, se capacit\u00f3 a\u00a0 alrededor de 53 193 personas, durante el 2013.<\/p>\n<p style=\"text-align: justify;\">Asimismo, se trabaja en la <b>Remediaci\u00f3n Integral de Sedimentos y Agua<\/b>, actividad en la que se analiza la existencia de elevados niveles de contaminaci\u00f3n, tanto en el agua como en los sedimentos del Estero. Como el resultado de estos estudios -que arrojaron un alto nivel de mercurio en el agua- se realiza una remediaci\u00f3n del medio f\u00edsico, a partir de la fitorremediaci\u00f3n, que es un mecanismo de descontaminaci\u00f3n basado en la capacidad de las plantas y ciertos componentes.<\/p>\n<p style=\"text-align: justify;\">La reubicaci\u00f3n de viviendas es parte trascendental del proyecto, si bien esto no es competencia del MAE, luego de que las riberas est\u00e1n liberadas, esta Cartera de Estado inicia con una jornada de reforestaci\u00f3n. Mediante este proceso se logr\u00f3 recuperar alrededor de 14 hect\u00e1reas, que propiciar\u00e1n la recuperaci\u00f3n del ecosistema. Este trabajo se ha fortalecido gracias a la decisi\u00f3n pol\u00edtica de la M\u00e1xima Autoridad del pa\u00eds, Lorena Tapia.<\/p>\n<p style=\"text-align: justify;\">Otro de los conflictos ambientales y sociales que posee el sector, es que no existe un sistema de alcantarillado eficiente, por lo que las familias e industrias cercanas arrojan sus desechos directamente al estero. En ese sentido, el MAE implementa un programa de <b>Gesti\u00f3n de Descargas Industriales y Dom\u00e9sticas<\/b>, como parte de este proceso, se monitorearon <b>132<\/b> empresas por\u00a0 las descargas de sus efluentes hasta la fecha, hay <b>124\u00a0 <\/b>informes t\u00e9cnicos enviados a la Direcci\u00f3n Provincial del Guayas, donde constan las empresas que incumplen con el proceso, para el inicio de las acciones pertinentes, de \u00e9stas, solo \u00a0<b>6 <\/b>empresas cumplieron con la normativa ambiental.<\/p>\n<p style=\"text-align: justify;\">Por otra parte,\u00a0 el MAE preocupado por la <b>Gesti\u00f3n de Desechos S\u00f3lidos<\/b>, propuso un proyecto de piloto, en el que se interviene en la limpieza de basura, que incluye las riberas del estero. \u00abA finales de octubre de este a\u00f1o, implementamos un proceso de recolecci\u00f3n de desechos s\u00f3lidos que contempla la recolecci\u00f3n de 300 toneladas del Estero Salado, del cuerpo de agua y las riveras adyacentes del mismo, incluyendo las ra\u00edces del manglar\u00bb, afirm\u00f3 Vallardo Villegas, bi\u00f3logo del proyecto Guayaquil Ecol\u00f3gico.<\/p>\n<p style=\"text-align: justify;\">Otra de las actividades importantes que impuls\u00f3 el MAE es el hecho de haber anexado los ramales interiores Salado, Puerto Lisa, Palanqueado, Mogoll\u00f3n y Las Ranas al \u00e1rea protegida. \u00abEn el 2012, a partir del Acuerdo Ministerial No 110, se ampli\u00f3 el \u00e1rea de la Reserva de Producci\u00f3n de Fauna Manglares del Salado, ahora cuenta con alrededor de 10 600 hect\u00e1reas\u00bb, explic\u00f3 Villegas.<\/p>\n<p style=\"text-align: justify;\">Gracias a la oportuna intervenci\u00f3n del Ministerio del Ambiente, Guayaquil tendr\u00e1 un Estero saneado para que todos los ecuatorianos podamos disfrutar de este espacio.<\/p>\n","protected":false},"excerpt":{"rendered":"<p class=\"excerpt\">Durante varios a\u00f1os, el Estero Salado fue un espacio deteriorado, olvidado y con m\u00faltiples conflictos ambientales y sociales. Por esta raz\u00f3n, el Ministerio del Ambiente del Ecuador (MAE), a trav\u00e9s del proyecto Guayaquil Ecol\u00f3gico, trabaja en la descontaminaci\u00f3n de este importante brazo de mar, desde varios frentes como concienciaci\u00f3n y educaci\u00f3n ambiental; gesti\u00f3n de desechos s\u00f3lidos y de aguas residuales;&hellip; <a href=\"https:\/\/www.ambienteyenergia.gob.ec\/ambiente\/descontaminacion-del-estero-salado-avanza-en-diferentes-frentes-de-intervencion\/\">Read more &rarr;<\/a><\/p>\n","protected":false},"author":13,"featured_media":17685,"comment_status":"open","ping_status":"open","sticky":false,"template":"","format":"standard","meta":{"footnotes":""},"categories":[16,4],"tags":[],"class_list":["post-17684","post","type-post","status-publish","format-standard","has-post-thumbnail","hentry","category-comunicamos","category-noticias","xfolkentry"],"_links":{"self":[{"href":"https:\/\/www.ambienteyenergia.gob.ec\/ambiente\/wp-json\/wp\/v2\/posts\/17684","targetHints":{"allow":["GET"]}}],"collection":[{"href":"https:\/\/www.ambienteyenergia.gob.ec\/ambiente\/wp-json\/wp\/v2\/posts"}],"about":[{"href":"https:\/\/www.ambienteyenergia.gob.ec\/ambiente\/wp-json\/wp\/v2\/types\/post"}],"author":[{"embeddable":true,"href":"https:\/\/www.ambienteyenergia.gob.ec\/ambiente\/wp-json\/wp\/v2\/users\/13"}],"replies":[{"embeddable":true,"href":"https:\/\/www.ambienteyenergia.gob.ec\/ambiente\/wp-json\/wp\/v2\/comments?post=17684"}],"version-history":[{"count":0,"href":"https:\/\/www.ambienteyenergia.gob.ec\/ambiente\/wp-json\/wp\/v2\/posts\/17684\/revisions"}],"wp:featuredmedia":[{"embeddable":true,"href":"https:\/\/www.ambienteyenergia.gob.ec\/ambiente\/wp-json\/wp\/v2\/media\/17685"}],"wp:attachment":[{"href":"https:\/\/www.ambienteyenergia.gob.ec\/ambiente\/wp-json\/wp\/v2\/media?parent=17684"}],"wp:term":[{"taxonomy":"category","embeddable":true,"href":"https:\/\/www.ambienteyenergia.gob.ec\/ambiente\/wp-json\/wp\/v2\/categories?post=17684"},{"taxonomy":"post_tag","embeddable":true,"href":"https:\/\/www.ambienteyenergia.gob.ec\/ambiente\/wp-json\/wp\/v2\/tags?post=17684"}],"curies":[{"name":"wp","href":"https:\/\/api.w.org\/{rel}","templated":true}]}}