{"id":17676,"date":"2014-01-16T16:59:30","date_gmt":"2014-01-16T21:59:30","guid":{"rendered":"http:\/\/www.ambiente.gob.ec\/?p=17676"},"modified":"2014-01-30T09:18:49","modified_gmt":"2014-01-30T14:18:49","slug":"mae-brinda-alternativas-para-cierre-de-temporal-del-refugio-jose-ribas-ubicado-en-el-parque-nacional-cotopaxi","status":"publish","type":"post","link":"https:\/\/www.ambienteyenergia.gob.ec\/ambiente\/mae-brinda-alternativas-para-cierre-de-temporal-del-refugio-jose-ribas-ubicado-en-el-parque-nacional-cotopaxi\/","title":{"rendered":"MAE brinda alternativas para cierre temporal del refugio Jos\u00e9 Ribas, ubicado en el Parque Nacional Cotopaxi"},"content":{"rendered":"<p style=\"text-align: justify;\">El Parque Nacional Cotopaxi se encuentra entre las tres \u00e1reas protegidas continentales m\u00e1s visitadas del pa\u00eds.\u00a0 Por esta raz\u00f3n, en el a\u00f1o 2013, el Presidente de la Rep\u00fablica, Rafael Correa, decret\u00f3 como un compromiso presidencial el Mejoramiento de infraestructura tur\u00edstica del refugio Jos\u00e9 Ribas, ubicado en la reserva, con el objetivo de brindar un servicio de calidad a los visitantes.<\/p>\n<p style=\"text-align: justify;\">Esta casa de refugio alberga y sirve como sitio de paso, abrigo y descanso a las personas que practiquen deporte de alta monta\u00f1a, especialmente, para los que desean ascender a la cumbre del volc\u00e1n Cotopaxi, por eso es de suma importancia que se encuentre en buenas condiciones. En ese sentido, el Ministerio del Ambiente del Ecuador (MAE) ha desarrollado programas de mejora y facilidades tur\u00edsticas que vayan acorde con el Plan de Manejo del Parque Nacional Cotopaxi.<\/p>\n<p style=\"text-align: justify;\">Actualmente, el sitio est\u00e1 en remodelaci\u00f3n y lo que se busca con la nueva infraestructura\u00a0 es brindar a los visitantes todas las comodidades y confort que pueden tener en un hotel. Para ello, se readecuar\u00e1 el lugar con caracter\u00edsticas acordes al entorno natural, para que no generen impactos ambientales en el ecosistema.<\/p>\n<p style=\"text-align: justify;\">La construcci\u00f3n contempl\u00f3 la intervenci\u00f3n de distintas \u00e1reas, priorizando los trabajos exteriores del refugio, con la finalidad de no suspender completamente el servicio. Sin embargo, a partir del 19 de enero se iniciar\u00e1 el retiro de la cubierta, motivo por el cual se decidi\u00f3 cerrar el Refugio temporalmente por un lapso de 3 meses.<\/p>\n<p style=\"text-align: justify;\"><strong>M\u00e1s opciones tur\u00edsticas<\/strong><\/p>\n<p style=\"text-align: justify;\">Para ello, el MAE pone a consideraci\u00f3n de los\u00a0 turistas algunas opciones y alternativas en las que se pueden albergar sin ning\u00fan inconveniente. Una de ellas, es la zona de camping La Rinconada, ubicada antes de la laguna de Limpiopungo, que cuenta con bater\u00edas sanitarias, parqueaderos e instalaciones para bar, restaurante y alojamiento.<\/p>\n<p style=\"text-align: justify;\">Asimismo, est\u00e1 a disposici\u00f3n de los visitantes la zona de camping C\u00f3ndor Huayco, que est\u00e1 al sur del parque y diagonal a la Rinconada, y finalmente, la Hoster\u00eda Tambopaxi, que es un ecocomplejo tur\u00edstico situado a 3 720 msnm y se encuentra en el coraz\u00f3n del Parque Nacional Cotopaxi (norte). La \u00faltima tiene \u00e1rea de restaurante, habitaciones con ba\u00f1o privado y camping; su costo var\u00eda de acuerdo al n\u00famero de personas, d\u00edas y el tipo de habitaci\u00f3n.<\/p>\n<p style=\"text-align: justify;\">El MAE luego de analizar varias opciones, recomienda a los turistas a alojarse en cualquiera de estas tres alternativas, por su ubicaci\u00f3n geogr\u00e1fica y las facilidades con las que cuentan, al estar cerca del volc\u00e1n Cotopaxi.<\/p>\n<p style=\"text-align: justify;\"><strong>El dato<\/strong><\/p>\n<p style=\"text-align: justify;\">El Refugio Jos\u00e9 Ribas fue fundado\u00a0 el 01 de mayo de 1971, ha brindado servicio de albergue y alimentaci\u00f3n, durante 43 a\u00f1os y est\u00e1 ubicado\u00a0 4 800 msnm.<\/p>\n","protected":false},"excerpt":{"rendered":"<p class=\"excerpt\">El Parque Nacional Cotopaxi se encuentra entre las tres \u00e1reas protegidas continentales m\u00e1s visitadas del pa\u00eds.\u00a0 Por esta raz\u00f3n, en el a\u00f1o 2013, el Presidente de la Rep\u00fablica, Rafael Correa, decret\u00f3 como un compromiso presidencial el Mejoramiento de infraestructura tur\u00edstica del refugio Jos\u00e9 Ribas, ubicado en la reserva, con el objetivo de brindar un servicio de calidad a los visitantes.&hellip; <a href=\"https:\/\/www.ambienteyenergia.gob.ec\/ambiente\/mae-brinda-alternativas-para-cierre-de-temporal-del-refugio-jose-ribas-ubicado-en-el-parque-nacional-cotopaxi\/\">Read more &rarr;<\/a><\/p>\n","protected":false},"author":13,"featured_media":17797,"comment_status":"open","ping_status":"open","sticky":false,"template":"","format":"standard","meta":{"footnotes":""},"categories":[16,4],"tags":[],"class_list":["post-17676","post","type-post","status-publish","format-standard","has-post-thumbnail","hentry","category-comunicamos","category-noticias","xfolkentry"],"_links":{"self":[{"href":"https:\/\/www.ambienteyenergia.gob.ec\/ambiente\/wp-json\/wp\/v2\/posts\/17676","targetHints":{"allow":["GET"]}}],"collection":[{"href":"https:\/\/www.ambienteyenergia.gob.ec\/ambiente\/wp-json\/wp\/v2\/posts"}],"about":[{"href":"https:\/\/www.ambienteyenergia.gob.ec\/ambiente\/wp-json\/wp\/v2\/types\/post"}],"author":[{"embeddable":true,"href":"https:\/\/www.ambienteyenergia.gob.ec\/ambiente\/wp-json\/wp\/v2\/users\/13"}],"replies":[{"embeddable":true,"href":"https:\/\/www.ambienteyenergia.gob.ec\/ambiente\/wp-json\/wp\/v2\/comments?post=17676"}],"version-history":[{"count":0,"href":"https:\/\/www.ambienteyenergia.gob.ec\/ambiente\/wp-json\/wp\/v2\/posts\/17676\/revisions"}],"wp:featuredmedia":[{"embeddable":true,"href":"https:\/\/www.ambienteyenergia.gob.ec\/ambiente\/wp-json\/wp\/v2\/media\/17797"}],"wp:attachment":[{"href":"https:\/\/www.ambienteyenergia.gob.ec\/ambiente\/wp-json\/wp\/v2\/media?parent=17676"}],"wp:term":[{"taxonomy":"category","embeddable":true,"href":"https:\/\/www.ambienteyenergia.gob.ec\/ambiente\/wp-json\/wp\/v2\/categories?post=17676"},{"taxonomy":"post_tag","embeddable":true,"href":"https:\/\/www.ambienteyenergia.gob.ec\/ambiente\/wp-json\/wp\/v2\/tags?post=17676"}],"curies":[{"name":"wp","href":"https:\/\/api.w.org\/{rel}","templated":true}]}}